{"id":1466,"date":"2022-10-02T16:21:48","date_gmt":"2022-10-02T16:21:48","guid":{"rendered":"https:\/\/fkgintra.lt\/?p=1466"},"modified":"2022-10-29T09:04:39","modified_gmt":"2022-10-29T09:04:39","slug":"acts-of-the-week","status":"publish","type":"post","link":"https:\/\/fkgintra.lt\/en\/acts-of-the-week\/","title":{"rendered":"\u201eGintra\u201c ir \u201eGubernija\u201c prat\u0119s\u0117 s\u0117kming\u0105 partneryst\u0119"},"content":{"rendered":"<p>Pra\u0117jusiais metais pagrindine \u0160iauli\u0173 \u201eGintros\u201c organizacijos \u2013 moter\u0173 futbolo klubo ir futbolo akademijos partnere tapusi viena garsiausi\u0173 \u0160iauli\u0173 pramon\u0117s \u012fmoni\u0173 \u201eGubernija\u201c ir toliau prisid\u0117s prie vaik\u0173 ir moter\u0173 futbolo vystymo.<\/p>\n<p>Reprezentacin\u0117s \u0160iauli\u0173 miesto moter\u0173 futbolo komandos mar\u0161kin\u0117lius ir ateinant\u012f sezon\u0105 puo\u0161 vien\u0173 i\u0161 rinkos lyderi\u0173 \u201eDuonos giros\u201c prek\u0117s \u017eenklas, o akademijos aukl\u0117tini\u0173 \u2013 \u201eRugil\u0117s\u201c.<\/p>\n<p>\u201eGintros\u201c organizacijos prezidentas Gintaras Radavi\u010dius d\u017eiaug\u0117si, kad skland\u017eiai u\u017esimezgusi partneryst\u0117 per pirmuosius metus sustipr\u0117jo ir tikisi, kad ateinan\u010diais metais ji bus dar rezultatyvesn\u0117.<\/p>\n<p>\u201eMums labai malonu stiprinti partneryst\u0117s ry\u0161ius su \u012fmone, kuri pasi\u017eymi ne tik inovatyviu po\u017ei\u016briu \u012f savo veikl\u0105, bet ir \u012f profesional\u0173 moter\u0173 sport\u0105, pozityv\u0173 vaik\u0173 fizin\u012f u\u017eimtum\u0105, savo kra\u0161to sportinink\u0173 palaikym\u0105. \u201eGubernija\u201c savo pavyzd\u017eiu rodo, kad tro\u0161kimas nugal\u0117ti gali vienyti ne tik komandos narius sporto aik\u0161t\u0117je, bet ir bendramin\u010dius i\u0161 skirting\u0173 veiklos sri\u010di\u0173. Akivaizdu, kad tai ir yra raktas \u012f ilgalaik\u0119 s\u0117km\u0119\u201c, \u2013 pasira\u0161ant sutart\u012f kalb\u0117jo klubo prezidentas Gintaras Radavi\u010dius.<\/p>\n<p>Savo ruo\u017etu \u201eGubernijos\u201c gamybos direktorius Art\u016bras Perednis pabr\u0117\u017e\u0117, kad d\u0117mesys ir parama saviems yra nuolatinis daryklos interesas, grind\u017eiamas pirmiausia darbais.<\/p>\n<p>\u201eNuo seno ir nuolatos ie\u0161kome b\u016bd\u0173, kaip prisid\u0117ti prie savo bendruomen\u0117s gerov\u0117s, ne tik padedant kurti geriausias emocijas, bet ir siekiant auk\u0161\u010diausi\u0173 rezultat\u0173. Sportas \u2013 viena sri\u010di\u0173, kurioje \u201eGubernija\u201c gali pasid\u017eiaugti eile ilgalaiki\u0173, rezultatyvi\u0173 partnerys\u010di\u0173. Jau\u010diame pareig\u0105 atrasti ir skirti resurs\u0173 tam, kad siekti pergali\u0173 sporto aik\u0161tel\u0117je b\u016bt\u0173 lengviau, o nauji talentai nelikt\u0173 nepasteb\u0117ti ir gal\u0117t\u0173 kuo grei\u010diau skleistis\u201c, \u2013 sako A. Perednis.<\/p>\n<p>Bendrov\u0117s \u201eMV GROUP Production\u201c valdoma \u201eGubernija\u201c \u2013 viena seniausi\u0173 darykl\u0173 Lietuvoje, sauganti autenti\u0161kas gamybos tradicijas bei recept\u016bras. B\u016bdama vienintel\u0117 lietuvi\u0161ko kapitalo darykla \u0161alyje, \u201eGubernija\u201c aktyviai prisideda prie \u0161alies ir visuomen\u0117s, taip pat gimtojo \u0160iauli\u0173 kra\u0161to ir jo gyventoj\u0173 gerov\u0117s \u2013 remia sporto ir kult\u016bros atstovus, smulk\u0173 ir vidutin\u012f mieste veikiant\u012f versl\u0105. Palaikym\u0105 kar\u0105 ken\u010diantiems ukrainie\u010diams \u201eGubernija\u201c i\u0161rei\u0161k\u0117 \u012fgyvendindama iniciatyv\u0105 \u201eU\u017e Savus! U\u017e Ukrain\u0105!\u201c, o pandemijos akivaizdoje nuolat teik\u0117 produktin\u0119 param\u0105 skirtingoms visuomen\u0117s grup\u0117ms.<\/p>\n<p>Lietuvos moter\u0173 futbolo \u010dempion\u0117 \u0160iauli\u0173 \u201eGintra\u201c jau u\u017esitiktino 21-\u0105j\u012f \u0161alies \u010dempioni\u0173 titul\u0105 bei tuo pa\u010diu i\u0161kovojo teis\u0119 atstovauti Lietuvai ir \u0160iauliams presti\u017einiame Europos turnyre UEFA \u010cempioni\u0173 lygoje ir kit\u0105met. \u0160iauliet\u0117s \u0161iais metais taip pat triumfavo Baltijos moter\u0173 futbolo lygoje.<\/p>\n<p>Pra\u0117jusiais metais \u012fkurta auganti \u201eGintros\u201c futbolo akademija kvie\u010dia berniukus ir mergaites i\u0161bandyti futbolo treniruotes, o t\u0117velius prisijungti prie spar\u010diai augan\u010dios bendruomen\u0117s<\/p>\n<p>&nbsp;<\/p>","protected":false},"excerpt":{"rendered":"<p>Pra\u0117jusiais metais pagrindine \u0160iauli\u0173 \u201eGintros\u201c organizacijos \u2013 moter\u0173 futbolo klubo ir futbolo akademijos partnere tapusi viena garsiausi\u0173 \u0160iauli\u0173 pramon\u0117s \u012fmoni\u0173 \u201eGubernija\u201c ir toliau prisid\u0117s prie vaik\u0173 ir moter\u0173 futbolo vystymo. Reprezentacin\u0117s \u0160iauli\u0173 miesto moter\u0173 futbolo komandos mar\u0161kin\u0117lius ir ateinant\u012f sezon\u0105 puo\u0161 vien\u0173 i\u0161 rinkos lyderi\u0173 \u201eDuonos giros\u201c prek\u0117s \u017eenklas, o akademijos aukl\u0117tini\u0173 \u2013 \u201eRugil\u0117s\u201c. \u201eGintros\u201c [&hellip;]<\/p>","protected":false},"author":3,"featured_media":1820,"comment_status":"open","ping_status":"open","sticky":false,"template":"","format":"standard","meta":{"footnotes":""},"categories":[1],"tags":[121,7],"_links":{"self":[{"href":"https:\/\/fkgintra.lt\/en\/wp-json\/wp\/v2\/posts\/1466"}],"collection":[{"href":"https:\/\/fkgintra.lt\/en\/wp-json\/wp\/v2\/posts"}],"about":[{"href":"https:\/\/fkgintra.lt\/en\/wp-json\/wp\/v2\/types\/post"}],"author":[{"embeddable":true,"href":"https:\/\/fkgintra.lt\/en\/wp-json\/wp\/v2\/users\/3"}],"replies":[{"embeddable":true,"href":"https:\/\/fkgintra.lt\/en\/wp-json\/wp\/v2\/comments?post=1466"}],"version-history":[{"count":3,"href":"https:\/\/fkgintra.lt\/en\/wp-json\/wp\/v2\/posts\/1466\/revisions"}],"predecessor-version":[{"id":3749,"href":"https:\/\/fkgintra.lt\/en\/wp-json\/wp\/v2\/posts\/1466\/revisions\/3749"}],"wp:featuredmedia":[{"embeddable":true,"href":"https:\/\/fkgintra.lt\/en\/wp-json\/wp\/v2\/media\/1820"}],"wp:attachment":[{"href":"https:\/\/fkgintra.lt\/en\/wp-json\/wp\/v2\/media?parent=1466"}],"wp:term":[{"taxonomy":"category","embeddable":true,"href":"https:\/\/fkgintra.lt\/en\/wp-json\/wp\/v2\/categories?post=1466"},{"taxonomy":"post_tag","embeddable":true,"href":"https:\/\/fkgintra.lt\/en\/wp-json\/wp\/v2\/tags?post=1466"}],"curies":[{"name":"wp","href":"https:\/\/api.w.org\/{rel}","templated":true}]}}