{"id":4567,"date":"2023-03-10T10:42:29","date_gmt":"2023-03-10T08:42:29","guid":{"rendered":"https:\/\/fkgintra.lt\/?p=4567"},"modified":"2023-03-13T09:29:13","modified_gmt":"2023-03-13T07:29:13","slug":"komandos-gretas-papilde-vartininke-a-schroeder","status":"publish","type":"post","link":"https:\/\/fkgintra.lt\/en\/komandos-gretas-papilde-vartininke-a-schroeder\/","title":{"rendered":"Komandos gretas papild\u0117 vartinink\u0117 A. Schroeder"},"content":{"rendered":"<p>Po u\u017esit\u0119susi\u0173 paie\u0161k\u0173 \u017eaid\u0117j\u0173 rinkoje \u0160iauli\u0173 \u201eGintros\u201c komandai pavyko rasti antr\u0105 ekipos vartinink\u0119, kuri sudarys tandem\u0105 su Au\u0161rine Bikute.<\/p>\n<p>Lietuvos \u010dempioni\u0173 aprang\u0105 apsivilks sutart\u012f iki sezono pabaigos pasira\u0161iusi k\u0105 tik 23-\u0105j\u012f gimtadien\u012f at\u0161ventusi amerikiet\u0117 Adrianna Schroeder, kuri rungtyniaus 95-uoju numeriu pa\u017eym\u0117tais mar\u0161kin\u0117liais.<\/p>\n<p>Komandos naujok\u0117 pra\u0117jusiais metais baig\u0117 studijas Dalaso Baptist\u0173 universitete, kuriame ir rungtyniavo pastaruosius kelis metus.\u00a0\u201eGintros\u201c klubas jai tapo pirm\u0105ja profesionalia futbolinink\u0117s karjeros stotele.<\/p>\n<p>\u201eVis\u0173 pirma noriu pad\u0117koti komandos vadovams u\u017e patik\u0117jim\u0105 mano kandidat\u016bra ir tok\u012f malon\u0173 pri\u0117mim\u0105. \u0160iek tiek nustebau atvykusi ir pama\u010diusi, kad \u010dia taip \u0161alta, ta\u010diau komandos draug\u0117s pasakojo, kad dabar oras vis \u0161ilt\u0117s, tikiuosi nemelavo (\u0161ypsosi). Man bus garb\u0117 atstovauti tokiam tituluotam klubui ir tikiuosi svariai prisid\u0117ti prie komandos laim\u0117jim\u0173 \u0161iame sezone\u201c,\u00a0\u2013 pristatymo metu kalb\u0117jo 177 cm \u016bgio amerikiet\u0117.<\/p>\n<p>Paklausta ar ji neturi joki\u0173 s\u0105saj\u0173 su Europa, kadangi Schroeder pavard\u0117 yra gana da\u017enai sutinkama Vokietijoje, naujok\u0117 patikino, kad gimini\u0173 Senajame \u017eemyne neturi.<\/p>\n<p>\u201eD\u0117l savo pavard\u0117s \u0161\u012f klausim\u0105 i\u0161girstu ne pirm\u0105 kart\u0105, ta\u010diau artim\u0173 gimini\u0173 Europoje neturiu. Kiek man teko pasiai\u0161kinti tai turb\u016bt yra gilios \u0161aknys i\u0161 mano prot\u0117vi\u0173 laik\u0173\u201c,\u00a0\u2013 paai\u0161kino A. Schroeder.<\/p>\n<p>\u201eSu vartinink\u0117s paie\u0161komis kiek u\u017etrukome, nes rinka \u0161iuo metu yra gerokai susiaur\u0117jusi. Pirmiausia \u017evalg\u0117m\u0117s Lietuvoje, ta\u010diau nepavykus \u010dia, i\u0161pl\u0117t\u0117me paie\u0161kos \u017eem\u0117lap\u012f. Adrianna yra jauna, ta\u010diau kupina noro, motyvacijos, o tai \u0161iandien yra m\u016bs\u0173 komandos prioritetas. Norime, kad visos \u017eaid\u0117jos b\u016bt\u0173 alkanos siekti pergali\u0173, parodyti save ir tuo pa\u010diu \u0161imtu procent\u0173 atsiduoti komandai. Tikime, kad Adrianna atitiks m\u016bs\u0173 filosofin\u0119 krypt\u012f ir sudarys puik\u0173 tandem\u0105 su kiekvienais metais tobul\u0117jan\u010dia Au\u0161rine\u201c,\u00a0\u2013 sak\u0117 klubo direktorius Mantas Radavi\u010dius.<\/p>\n<p>Naujok\u0117s debiutas gali \u012fvykti jau rytoj. \u017diemos taur\u0117s turnyre Marijampol\u0117s\u00a0\u201eHikvision\u201c manie\u017ee m\u016bsi\u0161k\u0117s 17:00 val. susitiks su FK \u201eVilnius\u201c ekipa.<\/p>\n<p><img loading=\"lazy\" decoding=\"async\" class=\"alignnone wp-image-4569 size-full\" src=\"https:\/\/fkgintra.lt\/wp-content\/uploads\/2023\/03\/20230309_163349.jpg\" alt=\"\" width=\"2712\" height=\"2203\" srcset=\"https:\/\/fkgintra.lt\/wp-content\/uploads\/2023\/03\/20230309_163349.jpg 2048w, https:\/\/fkgintra.lt\/wp-content\/uploads\/2023\/03\/20230309_163349-180x146.jpg 180w, https:\/\/fkgintra.lt\/wp-content\/uploads\/2023\/03\/20230309_163349-300x244.jpg 300w, https:\/\/fkgintra.lt\/wp-content\/uploads\/2023\/03\/20230309_163349-768x624.jpg 768w, https:\/\/fkgintra.lt\/wp-content\/uploads\/2023\/03\/20230309_163349-1024x832.jpg 1024w, https:\/\/fkgintra.lt\/wp-content\/uploads\/2023\/03\/20230309_163349-15x12.jpg 15w, https:\/\/fkgintra.lt\/wp-content\/uploads\/2023\/03\/20230309_163349-1920x1560.jpg 1920w, https:\/\/fkgintra.lt\/wp-content\/uploads\/2023\/03\/20230309_163349-600x487.jpg 600w\" sizes=\"(max-width: 2712px) 100vw, 2712px\" \/><\/p>\n<p>&nbsp;<\/p>","protected":false},"excerpt":{"rendered":"<p>Po u\u017esit\u0119susi\u0173 paie\u0161k\u0173 \u017eaid\u0117j\u0173 rinkoje \u0160iauli\u0173 \u201eGintros\u201c komandai pavyko rasti antr\u0105 ekipos vartinink\u0119, kuri sudarys tandem\u0105 su Au\u0161rine Bikute. Lietuvos \u010dempioni\u0173 aprang\u0105 apsivilks sutart\u012f iki sezono pabaigos pasira\u0161iusi k\u0105 tik 23-\u0105j\u012f gimtadien\u012f at\u0161ventusi amerikiet\u0117 Adrianna Schroeder, kuri rungtyniaus 95-uoju numeriu pa\u017eym\u0117tais mar\u0161kin\u0117liais. Komandos naujok\u0117 pra\u0117jusiais metais baig\u0117 studijas Dalaso Baptist\u0173 universitete, kuriame ir rungtyniavo pastaruosius [&hellip;]<\/p>","protected":false},"author":3,"featured_media":4568,"comment_status":"closed","ping_status":"open","sticky":false,"template":"","format":"standard","meta":{"footnotes":""},"categories":[1],"tags":[],"_links":{"self":[{"href":"https:\/\/fkgintra.lt\/en\/wp-json\/wp\/v2\/posts\/4567"}],"collection":[{"href":"https:\/\/fkgintra.lt\/en\/wp-json\/wp\/v2\/posts"}],"about":[{"href":"https:\/\/fkgintra.lt\/en\/wp-json\/wp\/v2\/types\/post"}],"author":[{"embeddable":true,"href":"https:\/\/fkgintra.lt\/en\/wp-json\/wp\/v2\/users\/3"}],"replies":[{"embeddable":true,"href":"https:\/\/fkgintra.lt\/en\/wp-json\/wp\/v2\/comments?post=4567"}],"version-history":[{"count":5,"href":"https:\/\/fkgintra.lt\/en\/wp-json\/wp\/v2\/posts\/4567\/revisions"}],"predecessor-version":[{"id":4591,"href":"https:\/\/fkgintra.lt\/en\/wp-json\/wp\/v2\/posts\/4567\/revisions\/4591"}],"wp:featuredmedia":[{"embeddable":true,"href":"https:\/\/fkgintra.lt\/en\/wp-json\/wp\/v2\/media\/4568"}],"wp:attachment":[{"href":"https:\/\/fkgintra.lt\/en\/wp-json\/wp\/v2\/media?parent=4567"}],"wp:term":[{"taxonomy":"category","embeddable":true,"href":"https:\/\/fkgintra.lt\/en\/wp-json\/wp\/v2\/categories?post=4567"},{"taxonomy":"post_tag","embeddable":true,"href":"https:\/\/fkgintra.lt\/en\/wp-json\/wp\/v2\/tags?post=4567"}],"curies":[{"name":"wp","href":"https:\/\/api.w.org\/{rel}","templated":true}]}}