{"id":4694,"date":"2023-03-22T16:46:19","date_gmt":"2023-03-22T14:46:19","guid":{"rendered":"https:\/\/fkgintra.lt\/?p=4694"},"modified":"2023-03-22T16:59:26","modified_gmt":"2023-03-22T14:59:26","slug":"geltonai-juodus-marskinelius-vilkes-kanadiete-gyneja-k-obrien","status":"publish","type":"post","link":"https:\/\/fkgintra.lt\/en\/geltonai-juodus-marskinelius-vilkes-kanadiete-gyneja-k-obrien\/","title":{"rendered":"Geltonai juodus mar\u0161kin\u0117lius vilk\u0117s kanadiet\u0117 gyn\u0117ja K. O&#8217;Brien"},"content":{"rendered":"<p>\u0160iauli\u0173 \u201eGintros\u201c komanda prie\u0161 savaitgal\u012f startuosiant\u012f Lietuvos moter\u0173 A lygos \u010dempionat\u0105 pristato dar vien\u0105 prie \u010dempioni\u0173 gret\u0173 prisijungusi\u0105 naujok\u0119.<\/p>\n<p>Reprezentacin\u0117 \u0160iauli\u0173 miesto moter\u0173 futbolo komanda sukirto rankomis su kanadiete <strong>Kalin O&#8217;Brien<\/strong>. 170 cm \u016bgio futbolinink\u0117 rungtyniauja centro gyn\u0117jos pozicijoje.<\/p>\n<p>Studijas Kanadoje baigusi 22 met\u0173 \u017eaid\u0117ja 2021 metais gimtin\u0117je pasira\u0161\u0117 pirm\u0105j\u012f savo kontrakt\u0105 su \u0160erbruko\u00a0\u201eMistral\u201c ekipa, o pernai rungtyniavo auk\u0161\u010diausioje Kanados moter\u0173 futbolo lygoje atstovaudama Berlingtono SC komandai.<\/p>\n<p>Komandos naujok\u0117 gim\u0117 ir augo Kanadoje, ta\u010diau turi ir europieti\u0161k\u0173 \u0161akn\u0173. Jos mo\u010diut\u0117 yra air\u0117, o pati \u017eaid\u0117ja \u0161iuo metu siekia \u012fgyti dvigub\u0105 pilietyb\u0119 bei gauti Airijos pas\u0105.<\/p>\n<p>\u201eLabai smagu pagaliau b\u016bti \u010dia, susipa\u017einti su komandos draug\u0117mis ir prad\u0117ti nauj\u0105 etap\u0105. Priimdama \u201eGintros\u201c pasi\u016blym\u0105 ilgai nesvars\u010diau. Tiesiog atlikau tam tikrus nam\u0173 darbus pasidom\u0117dama apie \u0161al\u012f, klub\u0105, pabendravau su treneriu ir nusprend\u017eiau, kad man tai bus perspektyvi karjeros stotel\u0117. Tikiuosi u\u017esitarnauti svarb\u0173 vaidmen\u012f komandoje ir pad\u0117ti siekti auk\u0161\u010diausi\u0173 tiksl\u0173. \u017dinau, kad \u0161i komanda yra ilgamet\u0117 \u0161alies \u010dempion\u0117 ir \u0161ios pozicijos neketina niekam u\u017eleisti. Esu \u010dia tam, kad pad\u0117\u010diau tai \u012fgyvendinti\u201c,\u00a0\u2013 pristatymo metu ry\u017eto nesl\u0117p\u0117 prie komandos treniruo\u010di\u0173 proceso jau prisijungusi gyn\u0117ja.<\/p>\n<p>\u201e\u0160ios pozicijos papildymo mums labai reik\u0117jo. Dabar bus galima kitas \u017eaid\u0117jas gr\u0105\u017einti \u012f joms \u012fprastas vietas aik\u0161t\u0117je. \u017dinoma, Kalin prireiks laiko adaptacijai, ta\u010diau tikiu, kad ji \u012f m\u016bs\u0173 \u017eaidim\u0105 \u012fsilies skland\u017eiai ir prid\u0117s naujos energijos. D\u017eiaugiuosi jos rodoma motyvacija, noru, o reikiamus \u012fg\u016bd\u017eius ji turi\u201c,\u00a0\u2013 sak\u0117 vyriausiasis komandos treneris Kalojanas Petkovas.<\/p>\n<p>K. O&#8217;Brien tapo tre\u010di\u0105ja klubo kanadiete per vis\u0105 istorij\u0105. Anks\u010diau \u201eGintros\u201c mar\u0161kin\u0117lius vilk\u0117jo Tristan Corneil, o pra\u0117jus\u012f sezon\u0105 sutart\u012f su klubu buvo pasira\u0161iusi Serena Dolan, kuri ankstyvoje sezono stadijoje patyr\u0117 sunki\u0105 kry\u017emini\u0173 kelio rai\u0161\u010di\u0173 traum\u0105 ir A lygoje nedebiutavo.<\/p>\n<p>Naujok\u0117 tur\u0117t\u0173 debiutuoti jau \u0161\u012f savaitgal\u012f, pirmose \u0161io sezono A lygos rungtyn\u0117se prie\u0161 Vilniaus MFA\u00a0\u201e\u017dalgiris-MRU\u201c ekip\u0105. Susitikimas vyks kovo 26 dien\u0105, sekmadien\u012f, 16:00 val. \u0160iauliuose, Gytari\u0173 dirbtin\u0117s dangos stadione.<\/p>\n<p>Kvie\u010diame atvykti \u012f stadion\u0105 ir palaikyti geltonai juodas kovoje su vice\u010dempion\u0117mis.<\/p>\n<p><img loading=\"lazy\" decoding=\"async\" class=\"alignnone wp-image-4697 size-full\" src=\"https:\/\/fkgintra.lt\/wp-content\/uploads\/2023\/03\/20230322_144302.jpg\" alt=\"\" width=\"3157\" height=\"2205\" srcset=\"https:\/\/fkgintra.lt\/wp-content\/uploads\/2023\/03\/20230322_144302.jpg 2048w, https:\/\/fkgintra.lt\/wp-content\/uploads\/2023\/03\/20230322_144302-180x126.jpg 180w, https:\/\/fkgintra.lt\/wp-content\/uploads\/2023\/03\/20230322_144302-300x210.jpg 300w, https:\/\/fkgintra.lt\/wp-content\/uploads\/2023\/03\/20230322_144302-768x536.jpg 768w, https:\/\/fkgintra.lt\/wp-content\/uploads\/2023\/03\/20230322_144302-1024x715.jpg 1024w, https:\/\/fkgintra.lt\/wp-content\/uploads\/2023\/03\/20230322_144302-18x12.jpg 18w, https:\/\/fkgintra.lt\/wp-content\/uploads\/2023\/03\/20230322_144302-1920x1341.jpg 1920w, https:\/\/fkgintra.lt\/wp-content\/uploads\/2023\/03\/20230322_144302-600x419.jpg 600w\" sizes=\"(max-width: 3157px) 100vw, 3157px\" \/><\/p>\n<p><img loading=\"lazy\" decoding=\"async\" class=\"alignnone wp-image-4698 size-full\" src=\"https:\/\/fkgintra.lt\/wp-content\/uploads\/2023\/03\/20230322_144457.jpg\" alt=\"\" width=\"2794\" height=\"2037\" srcset=\"https:\/\/fkgintra.lt\/wp-content\/uploads\/2023\/03\/20230322_144457.jpg 2048w, https:\/\/fkgintra.lt\/wp-content\/uploads\/2023\/03\/20230322_144457-180x131.jpg 180w, https:\/\/fkgintra.lt\/wp-content\/uploads\/2023\/03\/20230322_144457-300x219.jpg 300w, https:\/\/fkgintra.lt\/wp-content\/uploads\/2023\/03\/20230322_144457-768x560.jpg 768w, https:\/\/fkgintra.lt\/wp-content\/uploads\/2023\/03\/20230322_144457-1024x747.jpg 1024w, https:\/\/fkgintra.lt\/wp-content\/uploads\/2023\/03\/20230322_144457-16x12.jpg 16w, https:\/\/fkgintra.lt\/wp-content\/uploads\/2023\/03\/20230322_144457-1920x1400.jpg 1920w, https:\/\/fkgintra.lt\/wp-content\/uploads\/2023\/03\/20230322_144457-600x437.jpg 600w\" sizes=\"(max-width: 2794px) 100vw, 2794px\" \/><\/p>","protected":false},"excerpt":{"rendered":"<p>\u0160iauli\u0173 \u201eGintros\u201c komanda prie\u0161 savaitgal\u012f startuosiant\u012f Lietuvos moter\u0173 A lygos \u010dempionat\u0105 pristato dar vien\u0105 prie \u010dempioni\u0173 gret\u0173 prisijungusi\u0105 naujok\u0119. Reprezentacin\u0117 \u0160iauli\u0173 miesto moter\u0173 futbolo komanda sukirto rankomis su kanadiete Kalin O&#8217;Brien. 170 cm \u016bgio futbolinink\u0117 rungtyniauja centro gyn\u0117jos pozicijoje. Studijas Kanadoje baigusi 22 met\u0173 \u017eaid\u0117ja 2021 metais gimtin\u0117je pasira\u0161\u0117 pirm\u0105j\u012f savo kontrakt\u0105 su \u0160erbruko\u00a0\u201eMistral\u201c ekipa, [&hellip;]<\/p>","protected":false},"author":3,"featured_media":4696,"comment_status":"closed","ping_status":"open","sticky":false,"template":"","format":"standard","meta":{"footnotes":""},"categories":[1],"tags":[],"_links":{"self":[{"href":"https:\/\/fkgintra.lt\/en\/wp-json\/wp\/v2\/posts\/4694"}],"collection":[{"href":"https:\/\/fkgintra.lt\/en\/wp-json\/wp\/v2\/posts"}],"about":[{"href":"https:\/\/fkgintra.lt\/en\/wp-json\/wp\/v2\/types\/post"}],"author":[{"embeddable":true,"href":"https:\/\/fkgintra.lt\/en\/wp-json\/wp\/v2\/users\/3"}],"replies":[{"embeddable":true,"href":"https:\/\/fkgintra.lt\/en\/wp-json\/wp\/v2\/comments?post=4694"}],"version-history":[{"count":4,"href":"https:\/\/fkgintra.lt\/en\/wp-json\/wp\/v2\/posts\/4694\/revisions"}],"predecessor-version":[{"id":4701,"href":"https:\/\/fkgintra.lt\/en\/wp-json\/wp\/v2\/posts\/4694\/revisions\/4701"}],"wp:featuredmedia":[{"embeddable":true,"href":"https:\/\/fkgintra.lt\/en\/wp-json\/wp\/v2\/media\/4696"}],"wp:attachment":[{"href":"https:\/\/fkgintra.lt\/en\/wp-json\/wp\/v2\/media?parent=4694"}],"wp:term":[{"taxonomy":"category","embeddable":true,"href":"https:\/\/fkgintra.lt\/en\/wp-json\/wp\/v2\/categories?post=4694"},{"taxonomy":"post_tag","embeddable":true,"href":"https:\/\/fkgintra.lt\/en\/wp-json\/wp\/v2\/tags?post=4694"}],"curies":[{"name":"wp","href":"https:\/\/api.w.org\/{rel}","templated":true}]}}