{"id":4709,"date":"2023-03-24T10:50:25","date_gmt":"2023-03-24T08:50:25","guid":{"rendered":"https:\/\/fkgintra.lt\/?p=4709"},"modified":"2023-03-24T11:21:51","modified_gmt":"2023-03-24T09:21:51","slug":"starta-a-lygoje-pasitinkantis-vyr-treneris-k-petkovas-ruosiames-rimtai-kovai","status":"publish","type":"post","link":"https:\/\/fkgintra.lt\/en\/starta-a-lygoje-pasitinkantis-vyr-treneris-k-petkovas-ruosiames-rimtai-kovai\/","title":{"rendered":"Start\u0105 A lygoje pasitinkantis vyr. treneris K. Petkovas: ruo\u0161iam\u0117s rimtai kovai"},"content":{"rendered":"<p>Jau \u0161\u012f savaitgal\u012f\u00a0\u0160iauli\u0173 \u201eGintros\u201c komanda \u017eengs \u012f aik\u0161t\u0119 pirmoje 2023 met\u0173 sezono moter\u0173 A lygos dvikovoje. Daugkartin\u0117ms \u0161alies \u010dempion\u0117ms nam\u0173 aik\u0161t\u0117je i\u0161\u0161\u016bk\u012f mes vice\u010dempion\u0117 Vilniaus MFA \u201e\u017dalgiris-MRU\u201c ekipa, tod\u0117l \u0161i akistata tikrai sulauks i\u0161skirtinio d\u0117mesio.<\/p>\n<p>\u0160iais metais moter\u0173 A lygoje var\u017eysis septynios komandos. Be jau min\u0117t\u0173 \u0161alies pirmenyb\u0117se kovos bronz\u0105 pra\u0117jus\u012f sezon\u0105 i\u0161kovojusi FK\u00a0\u201eVilnius\u201c komanda, Kauno rajono\u00a0FC \u201eHegelmann\u201c, Joni\u0161kio\u00a0\u201eSaned\u201c, Garg\u017ed\u0173\u00a0\u00a0\u201eBanga\u201c bei \u012f auk\u0161\u010diausi\u0105 lyg\u0105 sugr\u012f\u017etanti Utenos\u00a0\u201eUtenis\u201c ekipa.<\/p>\n<p>Sezono start\u0105 A lygoje pasitinkantis vyriausiasis\u00a0\u201eGintros\u201c klubo treneris Kalojanas Petkovas teigia, kad pasirengimas sezonui pavyko skland\u017eiai, komanda jau su\u017eaid\u0117 dvi rungtynes Baltijos lygoje, taip pat buvo rimt\u0173 pasitikrinim\u0173 \u017diemos taur\u0117s turnyre, ta\u010diau pa\u017eym\u0117jo, kad tarpusavio supratimo ir \u017eaidimo kokyb\u0117s kreiv\u0117 dar yra gerinimo stadijoje.<\/p>\n<p>\u201ePasirengimo etape komandos sud\u0117t\u012f papild\u0117 naujos \u017eaid\u0117jos, nat\u016bralu, kad tur\u0117jome savoti\u0161k\u0105 pa\u017einimo, tarpusavio ry\u0161i\u0173 gerinimo proces\u0105 treniruot\u0117se ir rungtyn\u0117se. Sezon\u0105 pasitinkame pozityviomis nuotaikomis, apgyn\u0117me \u017diemos taur\u0119, Baltijos lygoje jau pavyko pasiekti dvi pergales ir \u012fgauti reikiamo pasitik\u0117jimo savo j\u0117gomis. Akivaizdu, kad m\u016bs\u0173 \u017eaidimo kokyb\u0117 dar n\u0117ra pa\u010diame pike, ta\u010diau tai tik sezono startas, o prisijungiant naujok\u0117ms turime \u012fvesti ir tam tikr\u0173 poky\u010di\u0173 taktin\u0117se schemose. Smagu, kad A lygos sezon\u0105 pradedame rungtyn\u0117mis namuose ir, \u017einoma, sieksime j\u012f atidaryti pergale\u201c,\u00a0\u2013 sak\u0117 antr\u0105j\u012f sezon\u0105 komandoje dirbantis K. Petkovas.<\/p>\n<p>Neseniai komand\u0105 papild\u0117 vartinink\u0117 i\u0161 Jungtini\u0173 Amerikos Valstij\u0173 Adrianna Schroeder bei centro gyn\u0117ja i\u0161 Kanados\u00a0\u2013 Kalin O&#8217;Brien. Amerikiet\u0117 jau sp\u0117jo debiutuoti vilk\u0117dama \u010dempioni\u0173 aprang\u0105 Baltijos lygos rungtyn\u0117se, tuo tarpu kanadietei savaitgal\u012f m\u016b\u0161is su\u00a0MFA \u201e\u017dalgiris-MRU\u201c ekipa tur\u0117t\u0173 tapti pirmuoju krik\u0161tu.<\/p>\n<p>\u201ePrisijungian\u010dios \u017eaid\u0117jos vis\u0173 pirma \u012fne\u0161a daugiau gylio sud\u0117tyje ir galimybi\u0173 ja varijuoti esant \u012fvairiems rungtyni\u0173 scenarijams. Sud\u0117\u010diai u\u017esipildant treniruo\u010di\u0173 procesas tampa efektyvesnis, konkurencingesnis, o tai yra svarbus veiksnys siekiant \u017eaidimo gerinimo ir auk\u0161\u010diausi\u0173 rezultat\u0173. Nenoriu kalb\u0117ti apie traumas, ta\u010diau ir tai kartais nutinka, tod\u0117l pilnavert\u0117 sud\u0117tis ilgalaik\u0117je perspektyvoje yra ir stabilumo i\u0161saugojimo opcija. Esu patenkintas neseniai komand\u0105 papild\u017eiusi\u0173 \u017eaid\u0117j\u0173 darbu treniruot\u0117se, j\u0173 rodoma motyvacija ir u\u017esidegimu bei tikiuosi j\u0173 naudingo ind\u0117lio jau artimiausiu laiku\u201c,\u00a0\u2013 pabr\u0117\u017e\u0117 strategas.<\/p>\n<p>Tvarkara\u0161tis l\u0117m\u0117, kad gintriet\u0117ms jau pirmajame ture teks \u012frodin\u0117ti prana\u0161um\u0105 prie\u0161 var\u017eoves, kurios visada k\u0117sinasi atimti ta\u0161kus i\u0161 \u010dempioni\u0173. Paklaustas kaip pasikeit\u0117 sostin\u0117s ekipa lyginant su pra\u0117jusiu sezonu ir ko galime tik\u0117tis, treneris pa\u017eym\u0117jo, kad var\u017eovi\u0173 komandos sud\u0117t\u012f ir \u017eaidim\u0105 vertinti kol kas sud\u0117tinga, nes \u017ealgirie\u010di\u0173 rungtyni\u0173 pastaruoju metu matyti neteko.<\/p>\n<p>\u201eBet kuriuo atveju puikiai suprantame, kad tai komanda, kuri \u012f rungtynes prie\u0161 mus visada \u017ei\u016bri labai rimtai ir ambicingai. Charaktering\u0105 nusiteikim\u0105 ir \u0161imtaprocentin\u0119 koncentracij\u0105 privalome \u012f rungtynes atsine\u0161ti patys, tik tokiu atveju galime tik\u0117tis ne tik teigiamo rezultato, bet ir kokybi\u0161ko \u017eaidimo, kur\u012f norime demonstruoti. Tikiu savo \u017eaid\u0117jomis, j\u0173 noru ir motyvacija pergalingai startuoti \u010dempionate. Ruo\u0161iam\u0117s rimtai kovai ir kvie\u010diame \u017ei\u016brovus atvykti \u012f stadion\u0105 palaikyti m\u016bs\u0173 \u017eaid\u0117j\u0173, tai neabejotinai suteikia papildomos energijos\u201c,\u00a0\u2013 ragino vyriausiasis komandos treneris.<\/p>\n<p>Primename, kad susitikimas vyks kovo 26 dien\u0105, sekmadien\u012f 16:00 val. \u0160iauliuose, Gytari\u0173 dirbtin\u0117s dangos stadione. \u012e\u0117jimas nemokamas.<\/p>\n<p><em>V. Kuralavi\u010diaus\/ LFF.lt nuotr.<\/em><\/p>","protected":false},"excerpt":{"rendered":"<p>Jau \u0161\u012f savaitgal\u012f\u00a0\u0160iauli\u0173 \u201eGintros\u201c komanda \u017eengs \u012f aik\u0161t\u0119 pirmoje 2023 met\u0173 sezono moter\u0173 A lygos dvikovoje. Daugkartin\u0117ms \u0161alies \u010dempion\u0117ms nam\u0173 aik\u0161t\u0117je i\u0161\u0161\u016bk\u012f mes vice\u010dempion\u0117 Vilniaus MFA \u201e\u017dalgiris-MRU\u201c ekipa, tod\u0117l \u0161i akistata tikrai sulauks i\u0161skirtinio d\u0117mesio. \u0160iais metais moter\u0173 A lygoje var\u017eysis septynios komandos. Be jau min\u0117t\u0173 \u0161alies pirmenyb\u0117se kovos bronz\u0105 pra\u0117jus\u012f sezon\u0105 i\u0161kovojusi FK\u00a0\u201eVilnius\u201c komanda, [&hellip;]<\/p>","protected":false},"author":3,"featured_media":4714,"comment_status":"closed","ping_status":"open","sticky":false,"template":"","format":"standard","meta":{"footnotes":""},"categories":[1],"tags":[],"_links":{"self":[{"href":"https:\/\/fkgintra.lt\/en\/wp-json\/wp\/v2\/posts\/4709"}],"collection":[{"href":"https:\/\/fkgintra.lt\/en\/wp-json\/wp\/v2\/posts"}],"about":[{"href":"https:\/\/fkgintra.lt\/en\/wp-json\/wp\/v2\/types\/post"}],"author":[{"embeddable":true,"href":"https:\/\/fkgintra.lt\/en\/wp-json\/wp\/v2\/users\/3"}],"replies":[{"embeddable":true,"href":"https:\/\/fkgintra.lt\/en\/wp-json\/wp\/v2\/comments?post=4709"}],"version-history":[{"count":4,"href":"https:\/\/fkgintra.lt\/en\/wp-json\/wp\/v2\/posts\/4709\/revisions"}],"predecessor-version":[{"id":4715,"href":"https:\/\/fkgintra.lt\/en\/wp-json\/wp\/v2\/posts\/4709\/revisions\/4715"}],"wp:featuredmedia":[{"embeddable":true,"href":"https:\/\/fkgintra.lt\/en\/wp-json\/wp\/v2\/media\/4714"}],"wp:attachment":[{"href":"https:\/\/fkgintra.lt\/en\/wp-json\/wp\/v2\/media?parent=4709"}],"wp:term":[{"taxonomy":"category","embeddable":true,"href":"https:\/\/fkgintra.lt\/en\/wp-json\/wp\/v2\/categories?post=4709"},{"taxonomy":"post_tag","embeddable":true,"href":"https:\/\/fkgintra.lt\/en\/wp-json\/wp\/v2\/tags?post=4709"}],"curies":[{"name":"wp","href":"https:\/\/api.w.org\/{rel}","templated":true}]}}