{"id":5677,"date":"2024-03-13T13:54:14","date_gmt":"2024-03-13T13:54:14","guid":{"rendered":"https:\/\/fkgintra.lt\/?p=5677"},"modified":"2024-03-13T14:17:52","modified_gmt":"2024-03-13T14:17:52","slug":"geltonai-juodu-gretose-gyneja-is-auksciausios-brazilijos-lygos","status":"publish","type":"post","link":"https:\/\/fkgintra.lt\/en\/geltonai-juodu-gretose-gyneja-is-auksciausios-brazilijos-lygos\/","title":{"rendered":"Geltonai juod\u0173 gretose \u2013 gyn\u0117ja i\u0161 auk\u0161\u010diausios Brazilijos lygos"},"content":{"rendered":"<p>Jau \u0161\u012f savaitgal\u012f \u0160iauli\u0173 \u201eGintros\u201c klubas prad\u0117s 2024 met\u0173 Lietuvos moter\u0173 A lygos sezon\u0105, o prie\u0161 pirm\u0105sias rungtynes reprezentacin\u0117 \u0160iauli\u0173 miesto moter\u0173 ekipa pristato dar vien\u0105 futbolinink\u0119 \u0161\u012f sezon\u0105 ginsian\u010di\u0105 komandos spalvas.<\/p>\n<p>Lietuvos \u010dempioni\u0173 klubas sukirto rankomis su perspektyvia 20-mete brazile Sabrina Gon\u00e7alves Amorim. Gyn\u0117jos ir saug\u0117s pozicijose galinti rungtyniauti \u017eaid\u0117ja vilk\u0117s 5-uoju numeriu pa\u017eenklintus geltonai juodus mar\u0161kin\u0117lius.<\/p>\n<p>S. G. Amorim Brazilijoje futbolinink\u0117s keli\u0105 prad\u0117jo \u201eBarra da Tijuca\u201c klube, v\u0117liau persik\u0117l\u0117 \u012f \u201eFluminense RJ\u201c, o 2022 metais sulauk\u0117 \u0161anso prisijungti prie\u0161 auk\u0161\u010diausioje Brazilijos lygoje rungtyniaujan\u010dio ir 2023 metais \u0161alies \u010dempione tapusios \u201eCorinthians Paulista\u201c ekipos organizacijos. Gyn\u0117jai d\u0117l vietos pagrindin\u0117s komandos sud\u0117tyje teko konkuruoti net su Brazilijos nacionalin\u0117s moter\u0173 futbolo rinktin\u0117s \u017eaid\u0117jomis. Sabrina d\u017eiaugiasi \u012fgyta patirtimi ir i\u0161moktomis pamokomis, ta\u010diau pripa\u017eino, kad jau kur\u012f laik\u0105 brandino id\u0117j\u0105 i\u0161vykti rungtyniauti \u012f Europ\u0105 ir prad\u0117ti legionier\u0117s karjer\u0105.<\/p>\n<p>Naujok\u0117 vos atvykusi \u012f \u0160iaulius jau tur\u0117jo pirm\u0105j\u0105 treniruot\u0119 su komanda ir po jos pasidalijo \u0161vie\u017eiais \u012fsp\u016bd\u017eiais.<\/p>\n<p>\u201ePo pirmosios treniruot\u0117s jau\u010diuosi labai gerai. Kol kas dar turiu daug ko i\u0161mokti, pa\u017einti, suprasti, ta\u010diau jau\u010diu treneri\u0173 ir komandos draugi\u0173 palaikym\u0105, visi spinduliuoja gera nuotaika, tod\u0117l tikiu, kad mano adaptacija neu\u017etruks. Tur\u0117jau ilg\u0105 kelion\u0119 \u012f Lietuv\u0105, smagu pagaliau b\u016bti \u201eGintros\u201c komandos dalimi, nes ilgai laukiau \u0161io prisijungimo. Su klubu sieju savo tolimesn\u0119 ateit\u012f, tod\u0117l noriu mokintis ir nekantrauju kovoti d\u0117l pergali\u0173\u201c, \u2013 \u0161ypsojosi Sabrina.<\/p>\n<p>\u201eSteb\u0117jau j\u016bs\u0173 klub\u0105 jau anks\u010diau, ma\u010diau kelis pasirodymus UEFA \u010cempioni\u0173 lygoje, \u017einau, kad tai yra laiminti komanda vietin\u0117se pirmenyb\u0117se. Man kol kas viskas nauja &#8211; oro s\u0105lygos, \u010dempionatas, l\u016bkes\u010diai, kuriuos ir pati sau keliu b\u016bdama \u010dia. Galiu pa\u017ead\u0117ti, kad tikrai atiduosiu visas j\u0117gas ir pirmoje vietoje man visada yra ne asmenin\u0117s ambicijos, o komandinis rezultatas\u201c, \u2013 t\u0119s\u0117 brazil\u0117.<\/p>\n<p>Portugal\u0173 kalba komunikuojanti Sabrina pripa\u017eino, kad tur\u0117s ir dar vien\u0105 i\u0161\u0161\u016bk\u012f u\u017e aik\u0161t\u0117s rib\u0173.<\/p>\n<p>\u201eStengsiuosi gerinti angl\u0173 kalbos \u012fg\u016bd\u017eius, kadangi suprantu, jog tai labai svarbu siekiant ne tik suprasti trenerius ir komandos drauges, bet ir apskritai integruojantis \u012f gyvenim\u0105 Lietuvoje\u201c, \u2013 pripa\u017eino naujok\u0117.<\/p>\n<p><img loading=\"lazy\" decoding=\"async\" class=\"alignnone wp-image-5684 size-full\" src=\"https:\/\/fkgintra.lt\/wp-content\/uploads\/2024\/03\/IMG_6188.jpeg\" alt=\"\" width=\"1600\" height=\"1067\" srcset=\"https:\/\/fkgintra.lt\/wp-content\/uploads\/2024\/03\/IMG_6188.jpeg 1600w, https:\/\/fkgintra.lt\/wp-content\/uploads\/2024\/03\/IMG_6188-300x200.jpeg 300w, https:\/\/fkgintra.lt\/wp-content\/uploads\/2024\/03\/IMG_6188-1024x683.jpeg 1024w, https:\/\/fkgintra.lt\/wp-content\/uploads\/2024\/03\/IMG_6188-768x512.jpeg 768w, https:\/\/fkgintra.lt\/wp-content\/uploads\/2024\/03\/IMG_6188-1536x1024.jpeg 1536w, https:\/\/fkgintra.lt\/wp-content\/uploads\/2024\/03\/IMG_6188-18x12.jpeg 18w, https:\/\/fkgintra.lt\/wp-content\/uploads\/2024\/03\/IMG_6188-180x120.jpeg 180w\" sizes=\"(max-width: 1600px) 100vw, 1600px\" \/><br \/>\n<em>S. G. Amorim rungtyniavo auk\u0161\u010diausioje Brazilijos moter\u0173 futbolo lygoje<\/em><\/p>\n<p>\u201eGintros\u201c mar\u0161kin\u0117lius praeityje yra vilk\u0117jusios ir kitos brazil\u0117s \u2013 Isadora Freitas, ses\u0117s dvyn\u0117s Kelen ir Karen Bender, ta\u010diau S. G. Amorim paklausta ar prie\u0161 prisijungdama prie Lietuvos \u010dempioni\u0173 teiravosi tautie\u010di\u0173 rekomendacij\u0173 atskleid\u0117, kad su jomis bendrauti jai neteko.<\/p>\n<p>\u201ePrisipa\u017einsiu, kad \u0161io fakto ne\u017einojau. Galb\u016bt ir b\u016b\u010diau susisiekusi, nors \u0161i\u0173 \u017eaid\u0117j\u0173 asmeni\u0161kai nepa\u017e\u012fstu. Apie klub\u0105 ir \u0161al\u012f dom\u0117jausi nar\u0161ydama internete, socialiniuose tinkluose. I\u0161 informacijos kuri\u0105 pavyko surasti susidariau teigiam\u0105 \u012fsp\u016bd\u012f, tod\u0117l nusprend\u017eiau nepraleisti savojo \u0161anso\u201c, \u2013 atviravo naujoji gintriet\u0117.<\/p>\n<p>Sveikindamas Sabrin\u0105 prisijungus prie komandos klubo direktorius Mantas Radavi\u010dius akcentavo, kad tai jauna, talentinga ir rungtyni\u0173 patirties i\u0161alkusi \u017eaid\u0117ja.<\/p>\n<p>\u201eSabrina yra \u012fdomi \u017eaid\u0117ja, kuri, tikime, gali maloniai nustebinti. Brazilijos futbolo mokykla yra auk\u0161\u010diausio lygio, o kiekvienos atskiros \u017eaid\u0117jos potencialas yra tas klausimas \u012f kur\u012f atsakymo mes labiausiai ir ie\u0161kome. Sabrina pastar\u0105j\u012f laikotarp\u012f netur\u0117jo daug \u017eaidybin\u0117s patirties, tod\u0117l yra ypatingai motyvuota, nekantrauja kuo grei\u010diau \u012fsilieti \u012f komand\u0105 ir \u017eengti \u012f aik\u0161t\u0119 rungtyn\u0117se\u201c, \u2013 pristatydamas naujok\u0119 kalb\u0117jo M. Radavi\u010dius.<\/p>\n<p>Primename, kad moter\u0173 A lygos starte gintriet\u0117s namuose egzaminuos lygos debiutant\u0119 Vilniaus rajono \u201eTransINVEST\u201c. Rungtyn\u0117s vyks \u0161\u012f \u0161e\u0161tadien\u012f, kovo 16 dien\u0105 17 val. Gytari\u0173 stadione. Kvie\u010diame atvykti \u012f stadion\u0105 ir palaikyti geltonai juodas.<\/p>","protected":false},"excerpt":{"rendered":"<p>Jau \u0161\u012f savaitgal\u012f \u0160iauli\u0173 \u201eGintros\u201c klubas prad\u0117s 2024 met\u0173 Lietuvos moter\u0173 A lygos sezon\u0105, o prie\u0161 pirm\u0105sias rungtynes reprezentacin\u0117 \u0160iauli\u0173 miesto moter\u0173 ekipa pristato dar vien\u0105 futbolinink\u0119 \u0161\u012f sezon\u0105 ginsian\u010di\u0105 komandos spalvas. Lietuvos \u010dempioni\u0173 klubas sukirto rankomis su perspektyvia 20-mete brazile Sabrina Gon\u00e7alves Amorim. Gyn\u0117jos ir saug\u0117s pozicijose galinti rungtyniauti \u017eaid\u0117ja vilk\u0117s 5-uoju numeriu pa\u017eenklintus [&hellip;]<\/p>","protected":false},"author":3,"featured_media":5680,"comment_status":"closed","ping_status":"open","sticky":false,"template":"","format":"standard","meta":{"footnotes":""},"categories":[1],"tags":[],"_links":{"self":[{"href":"https:\/\/fkgintra.lt\/en\/wp-json\/wp\/v2\/posts\/5677"}],"collection":[{"href":"https:\/\/fkgintra.lt\/en\/wp-json\/wp\/v2\/posts"}],"about":[{"href":"https:\/\/fkgintra.lt\/en\/wp-json\/wp\/v2\/types\/post"}],"author":[{"embeddable":true,"href":"https:\/\/fkgintra.lt\/en\/wp-json\/wp\/v2\/users\/3"}],"replies":[{"embeddable":true,"href":"https:\/\/fkgintra.lt\/en\/wp-json\/wp\/v2\/comments?post=5677"}],"version-history":[{"count":8,"href":"https:\/\/fkgintra.lt\/en\/wp-json\/wp\/v2\/posts\/5677\/revisions"}],"predecessor-version":[{"id":5690,"href":"https:\/\/fkgintra.lt\/en\/wp-json\/wp\/v2\/posts\/5677\/revisions\/5690"}],"wp:featuredmedia":[{"embeddable":true,"href":"https:\/\/fkgintra.lt\/en\/wp-json\/wp\/v2\/media\/5680"}],"wp:attachment":[{"href":"https:\/\/fkgintra.lt\/en\/wp-json\/wp\/v2\/media?parent=5677"}],"wp:term":[{"taxonomy":"category","embeddable":true,"href":"https:\/\/fkgintra.lt\/en\/wp-json\/wp\/v2\/categories?post=5677"},{"taxonomy":"post_tag","embeddable":true,"href":"https:\/\/fkgintra.lt\/en\/wp-json\/wp\/v2\/tags?post=5677"}],"curies":[{"name":"wp","href":"https:\/\/api.w.org\/{rel}","templated":true}]}}