{"id":5758,"date":"2024-03-22T15:19:18","date_gmt":"2024-03-22T15:19:18","guid":{"rendered":"https:\/\/fkgintra.lt\/?p=5758"},"modified":"2024-03-22T15:29:00","modified_gmt":"2024-03-22T15:29:00","slug":"komanda-sustiprino-pietu-afrikos-rinktines-puoleja","status":"publish","type":"post","link":"https:\/\/fkgintra.lt\/en\/komanda-sustiprino-pietu-afrikos-rinktines-puoleja\/","title":{"rendered":"Komand\u0105 sustiprino Piet\u0173 Afrikos rinktin\u0117s puol\u0117ja"},"content":{"rendered":"<p>Pergale \u201eTopo centras Euronics\u201c moter\u0173 A lygoje startavusi \u0160iauli\u0173 \u201eGintros\u201c komanda \u0161\u012f savaitgal\u012f pasitinka dar vien\u0105 svarbi\u0105 akistat\u0105, o geltonai juod\u0173 gretas prie\u0161 pat antr\u0105j\u012f tur\u0105 papild\u0117 naujok\u0117.<\/p>\n<p>Lietuvos \u010dempioni\u0173 gretas sustiprins 22-ej\u0173 met\u0173 Piet\u0173 Afrikos rinktin\u0117s puol\u0117ja Thubelihle Shamase, kuri vilk\u0117s 6-uoju numeriu pa\u017eym\u0117tus mar\u0161kin\u0117lius.<\/p>\n<p>T. Shamase yra per\u0117jusi vis\u0173 am\u017eiaus grupi\u0173 etapus Piet\u0173 Afrikos rinktin\u0117se, o \u0161iuo metu jau gina nacionalin\u0117s komandos garb\u0119. 2023 metais ji buvo nominuota \u012f geriausi\u0173 vis\u0173 Afrikos nacij\u0173 jaun\u0173j\u0173 \u017eaid\u0117j\u0173 de\u0161imtuk\u0105.<\/p>\n<p>Futbolininkei \u201eGintros\u201c ekipa taps pirm\u0105ja jos karjeros stotele Europoje. Pastaruosius sezonus ji rungtyniavo Piet\u0173 Afrikoje atstovaudama \u201eUnivesity of Johannesburg\u201c komandai.<\/p>\n<p>2022 metais T. Shamase kartu su Piet\u0173 Afrikos nacionaline moter\u0173 rinktine, kuri dar vadinama \u201eBanyana Banyana\u201c, suk\u016br\u0117 nauj\u0105 istorij\u0105 savo \u0161aliai ir tapo Afrikos nacij\u0173 taur\u0117s \u010dempione. Pra\u0117jusiais metais ji gyn\u0117 rinktin\u0117s garb\u0119 ir piet\u0173 Afrikos \u201eCOSAFA\u201c nacij\u0173 \u010dempionate bei pelniusi 5 \u012fvar\u010dius laim\u0117jo sidabrin\u012f \u010dempionato batel\u012f.<\/p>\n<p><img loading=\"lazy\" decoding=\"async\" class=\"alignnone wp-image-5759 size-full\" src=\"https:\/\/fkgintra.lt\/wp-content\/uploads\/2024\/03\/t.shamase.png\" alt=\"\" width=\"1160\" height=\"663\" srcset=\"https:\/\/fkgintra.lt\/wp-content\/uploads\/2024\/03\/t.shamase.png 1160w, https:\/\/fkgintra.lt\/wp-content\/uploads\/2024\/03\/t.shamase-300x171.png 300w, https:\/\/fkgintra.lt\/wp-content\/uploads\/2024\/03\/t.shamase-1024x585.png 1024w, https:\/\/fkgintra.lt\/wp-content\/uploads\/2024\/03\/t.shamase-768x439.png 768w, https:\/\/fkgintra.lt\/wp-content\/uploads\/2024\/03\/t.shamase-18x10.png 18w, https:\/\/fkgintra.lt\/wp-content\/uploads\/2024\/03\/t.shamase-180x103.png 180w\" sizes=\"(max-width: 1160px) 100vw, 1160px\" \/><\/p>\n<p>Naujausiu komandos papildymu d\u017eiaug\u0119sis klubo direktorius Mantas Radavi\u010dius akcentavo, jog nepaisant jauno am\u017eiaus T. Shamase turi auk\u0161to lygio ir didel\u0117s svarbos rungtyni\u0173 patirties bei yra individualiai paj\u0117gi \u017eaid\u0117ja galinti i\u0161spr\u0119sti situacijas.<\/p>\n<p>\u201ePuolimo grandyje tur\u0117jome sprag\u0173 ir intensyviai dirbome, kad jas u\u017epildytum\u0117me dar sezono prad\u017eioje. Piet\u0173 Afrikos rinktin\u0117 yra itin paj\u0117gi ir tikrai n\u0117ra lengva pasiekti tok\u012f lyg\u012f, kad \u017eaid\u0117ja b\u016bt\u0173 kvie\u010diama atstovauti nacionalinei komandai. D\u017eiaugiam\u0117s, kad Shamase jau galima vadinti pilnaverte komandos nare ir nekantriai lauksime jos debiuto\u201c, \u2013 kalb\u0117jo klubo vadovas.<\/p>\n<p>Naujok\u0117 gali debiutuoti jau \u0161\u012f savaitgal\u012f. \u0160iauli\u0173 \u201eGintra\u201c antrajame ture priims vice\u010dempiones MFA \u201e\u017dalgirio-MRU\u201c \u017eaid\u0117jas. Susitikimas vyks kovo 24 dien\u0105, sekmadien\u012f 16 val. Gytari\u0173 stadione. Kvie\u010diame atvykti ir palaikyti geltonai juodas.<\/p>\n<p>&nbsp;<\/p>","protected":false},"excerpt":{"rendered":"<p>Pergale \u201eTopo centras Euronics\u201c moter\u0173 A lygoje startavusi \u0160iauli\u0173 \u201eGintros\u201c komanda \u0161\u012f savaitgal\u012f pasitinka dar vien\u0105 svarbi\u0105 akistat\u0105, o geltonai juod\u0173 gretas prie\u0161 pat antr\u0105j\u012f tur\u0105 papild\u0117 naujok\u0117. Lietuvos \u010dempioni\u0173 gretas sustiprins 22-ej\u0173 met\u0173 Piet\u0173 Afrikos rinktin\u0117s puol\u0117ja Thubelihle Shamase, kuri vilk\u0117s 6-uoju numeriu pa\u017eym\u0117tus mar\u0161kin\u0117lius. T. Shamase yra per\u0117jusi vis\u0173 am\u017eiaus grupi\u0173 etapus Piet\u0173 [&hellip;]<\/p>","protected":false},"author":3,"featured_media":5770,"comment_status":"closed","ping_status":"open","sticky":false,"template":"","format":"standard","meta":{"footnotes":""},"categories":[1],"tags":[],"_links":{"self":[{"href":"https:\/\/fkgintra.lt\/en\/wp-json\/wp\/v2\/posts\/5758"}],"collection":[{"href":"https:\/\/fkgintra.lt\/en\/wp-json\/wp\/v2\/posts"}],"about":[{"href":"https:\/\/fkgintra.lt\/en\/wp-json\/wp\/v2\/types\/post"}],"author":[{"embeddable":true,"href":"https:\/\/fkgintra.lt\/en\/wp-json\/wp\/v2\/users\/3"}],"replies":[{"embeddable":true,"href":"https:\/\/fkgintra.lt\/en\/wp-json\/wp\/v2\/comments?post=5758"}],"version-history":[{"count":8,"href":"https:\/\/fkgintra.lt\/en\/wp-json\/wp\/v2\/posts\/5758\/revisions"}],"predecessor-version":[{"id":5772,"href":"https:\/\/fkgintra.lt\/en\/wp-json\/wp\/v2\/posts\/5758\/revisions\/5772"}],"wp:featuredmedia":[{"embeddable":true,"href":"https:\/\/fkgintra.lt\/en\/wp-json\/wp\/v2\/media\/5770"}],"wp:attachment":[{"href":"https:\/\/fkgintra.lt\/en\/wp-json\/wp\/v2\/media?parent=5758"}],"wp:term":[{"taxonomy":"category","embeddable":true,"href":"https:\/\/fkgintra.lt\/en\/wp-json\/wp\/v2\/categories?post=5758"},{"taxonomy":"post_tag","embeddable":true,"href":"https:\/\/fkgintra.lt\/en\/wp-json\/wp\/v2\/tags?post=5758"}],"curies":[{"name":"wp","href":"https:\/\/api.w.org\/{rel}","templated":true}]}}