{"id":5856,"date":"2024-04-09T13:14:42","date_gmt":"2024-04-09T13:14:42","guid":{"rendered":"https:\/\/fkgintra.lt\/?p=5856"},"modified":"2024-04-09T13:14:42","modified_gmt":"2024-04-09T13:14:42","slug":"pokyciai-vyriausiojo-trenerio-pareigose-vaira-perima-specialistas-is-suomijos-o-ojala","status":"publish","type":"post","link":"https:\/\/fkgintra.lt\/en\/pokyciai-vyriausiojo-trenerio-pareigose-vaira-perima-specialistas-is-suomijos-o-ojala\/","title":{"rendered":"Poky\u010diai vyriausiojo trenerio pareigose \u2013 vair\u0105 perima specialistas i\u0161 Suomijos O. Ojala"},"content":{"rendered":"<p>\u0160iauli\u0173 \u201eGintros\u201c komandos vyriausiojo trenerio pareigose \u2013 permainos. Prie Lietuvos \u010dempioni\u0173 vairo Kalojan\u0105 Petkov\u0105 kei\u010dia 37-eri\u0173 met\u0173 specialistas i\u0161 Suomijos Ollipekka Ojala.<\/p>\n<p>\u201eGintros\u201c klubas u\u017e \u012fd\u0117t\u0105 darb\u0105 ir pasiektas pergales per pastaruosius du metus d\u0117koja treneriui K. Petkovui bei linki s\u0117km\u0117s tolimesniame karjeros etape.<\/p>\n<p>O. Ojala \u012f Saul\u0117s miest\u0105 atvyksta i\u0161 gimtin\u0117s, kur nuo 2019-\u0173j\u0173 iki 2023-\u0173j\u0173 dirigavo Suomijos moter\u0173 futbolo \u010dempion\u0117s Kuopio \u201eKuPS\u201c komandos \u017eaidimui. 2020 metais jo vadovaujama ekipa i\u0161kovodama bronzos medalius pirm\u0105 kart\u0105 tapo \u0161alies \u010dempionato prizininke. Jau kit\u0105 sezon\u0105 klubas perra\u0161\u0117 istorij\u0105 pirm\u0105 kart\u0105 tapdamas lygos \u010dempionu. \u0160is pasiekimas \u201eKuPS\u201c organizacijai taip pat atv\u0117r\u0117 duris debiutuoti UEFA moter\u0173 \u010cempioni\u0173 lygoje, o debiutas buvo itin s\u0117kmingas.<\/p>\n<p>B\u016btent \u0161iame elitiniame turnyre 2022 metais susikirto \u201eGintros\u201c ir \u201eKuPS\u201c keliai. Atrankos turnyro, kuris vyko Lenkijoje, pusfinalyje O. Ojalos vadovaujamos \u201eKuPS\u201c \u017eaid\u0117jos 2:0 \u012fveik\u0117 m\u016bsi\u0161kes, o atrankos turnyro finale pateik\u0117 staigmen\u0105 nugal\u0117damos kur kas labiau patyrusi\u0105 Briuselio \u201eRSC Anderlecht\u201c komand\u0105.<\/p>\n<p>Suomijos \u010dempion\u0117s tuomet u\u017efiksavo dar vien\u0105 istorin\u012f klubo pasiekim\u0105 \u2013 debiutiniame sezone i\u0161kovojo kelialap\u012f \u012f pagrindin\u012f UEFA moter\u0173 \u010cempioni\u0173 lygos turnyro etap\u0105. \u0160e\u0161ioliktfinalio serijoje O. Ojalos aukl\u0117tin\u0117s susitiko su Austrijos \u010dempione Sankt Pelteno \u201eSt. Polten\u201c ir tik po \u012fnirtingos kovos bendru dviej\u0173 rungtyni\u0173 rezultatu 2:3 tur\u0117jo pripa\u017einti var\u017eovi\u0173 prana\u0161um\u0105 bei baig\u0117 pasirodym\u0105.<\/p>\n<p>\u012edomu tai, kad treneriui atvykus \u012f nauj\u0105 klub\u0105 atstovaujamos spalvos i\u0161liks tokios pa\u010dios \u2013 geltona ir juoda, kadangi tiek \u201eKuPS\u201c, tiek \u201eGintros\u201c ekipose dominuoja b\u016btent \u0161i spalvin\u0117 gama. Tuo tarpu Suomijos centrin\u0117je dalyje esantis Kuopio miestas savo dyd\u017eiu ir gyventoj\u0173 skai\u010diumi yra artimas \u0160iauliams.<\/p>\n<p>\u201ePoky\u010diai visuomet atne\u0161a ka\u017ek\u0105 naujo, neatrasto, tod\u0117l tikim\u0117s, kad ir \u0161iuo atveju tur\u0117sime reikaling\u0105 post\u016bm\u012f \u012f priek\u012f. Ollipekka yra jaunas, ambicingas treneris, kuris turi patirties dirbant su auk\u0161to lygio moter\u0173 futbolo organizacija. \u017dinome, kad Suomijos moter\u0173 futbolo lygis spar\u010diai auga, prie to prisid\u0117jo ir kelis metus moter\u0173 futbolo srityje dirb\u0119s Ollipekka, o su \u201eKuPS\u201c ekipa mums patiems teko susidurti UEFA \u010cempioni\u0173 lygos atrankoje. Nors sezonas jau prasid\u0117jo, ta\u010diau visi pagrindiniai i\u0161\u0161\u016bkiai dar tik prie\u0161 akis, tod\u0117l naujajam treneriui linkime skland\u017eios darb\u0173 prad\u017eios, \u012fdomi\u0173 i\u0161\u0161\u016bki\u0173 ir pergalingo starto\u201c, \u2013 sveikindamas nauj\u0105j\u012f Lietuvos \u010dempioni\u0173 strateg\u0105 kalb\u0117jo klubo direktorius Mantas Radavi\u010dius.<\/p>\n<p>Susipa\u017ein\u0119s su \u017eaid\u0117jomis bei sureng\u0119s pirm\u0105j\u0105 komandos treniruot\u0119 O. Ojala nekantrauja prad\u0117ti nauj\u0105 i\u0161\u0161\u016bk\u012f bei d\u017eiaug\u0117si gal\u0117siantis dirbti laimin\u010dioje organizacijoje.<\/p>\n<p>\u201eEsu labai laimingas ir d\u0117kingas \u201eGintrai\u201c u\u017e galimyb\u0119 prisijungti prie klubo, kuris turi toki\u0105 \u012fsp\u016bding\u0105 titul\u0173 kolekcij\u0105, bet ir toliau yra alkanas pergali\u0173 ir nauj\u0173 pasiekim\u0173. Man patinka klubo vizija auginti vietines \u017eaid\u0117jas, tur\u0117ti vis\u0105 mergai\u010di\u0173 ir moter\u0173 futbolo sistemos piramid\u0119. Tai labai sveikintinas ir ambicingas tikslas prie kurio tvaraus \u012fgyvendinimo stengsiuosi prisid\u0117ti kaip \u012fmanoma daugiau, pasitelkdamas savo turim\u0105 patirt\u012f bei \u017einias, kurias taikiau dirbdamas Suomijoje. Kadangi prie komandos vairo stoju jau prasid\u0117jus sezonui turiu kuo grei\u010diau pa\u017einti kiekvien\u0105 \u017eaid\u0117j\u0105, Lietuvos futbolo aplink\u0105, o kiekviena treniruot\u0117 tur\u0117s didel\u0119 svarb\u0105. Noriu, kad \u017eaid\u0117jos b\u016bt\u0173 kupinos motyvacijos, noro ir energijos, o visas jas telkt\u0173 komandin\u0117 vienyb\u0117. Tai mano pirminiai u\u017edaviniai, kuriuos imsiuosi \u012fgyvendinti nuo pirm\u0173j\u0173 dien\u0173 \u010dia\u201c, \u2013 sak\u0117 naujasis geltonai juod\u0173 strategas.<\/p>\n<p>\u201eGintros\u201c ekipa \u201eTopo centras Euronics\u201c A lygos \u010dempionat\u0105 prad\u0117jo dviem sud\u0117tingomis pergal\u0117mis. Pirmajame ture geltonai juodos 2:0 \u012fveik\u0117 lygos debiutant\u0119 Vilniaus rajono FK \u201eTransIVEST\u201c, o antrajame savo aik\u0161t\u0117je 2:1 i\u0161pl\u0117\u0161\u0117 pergal\u0119 prie\u0161 sostin\u0117s MFA \u201e\u017dalgiris-MRU\u201c vienuolik\u0119.<\/p>\n<p>Jau \u0161\u012f savaitgal\u012f, baland\u017eio 14 dien\u0105 komanda prad\u0117s sezon\u0105 ir Baltijos lygoje. Sekmadien\u012f gintriet\u0117s savo aik\u0161t\u0117je priims Estijos vice\u010dempion\u0119 Saku \u201eSporting\u201c ekip\u0105. Rungtyni\u0173 Gytari\u0173 stadione prad\u017eia 15:00 val. Kvie\u010diame atvykti \u012f stadion\u0105 ir palaikyti \u0160iauli\u0173 futbolininkes kovoje d\u0117l pergal\u0117s.<\/p>\n<p>&nbsp;<\/p>\n<p><img loading=\"lazy\" decoding=\"async\" class=\"alignnone wp-image-5900 size-full\" src=\"https:\/\/fkgintra.lt\/wp-content\/uploads\/2024\/04\/olipekka-ojala-ig-1.jpg\" alt=\"\" width=\"1789\" height=\"2003\" srcset=\"https:\/\/fkgintra.lt\/wp-content\/uploads\/2024\/04\/olipekka-ojala-ig-1.jpg 1789w, https:\/\/fkgintra.lt\/wp-content\/uploads\/2024\/04\/olipekka-ojala-ig-1-268x300.jpg 268w, https:\/\/fkgintra.lt\/wp-content\/uploads\/2024\/04\/olipekka-ojala-ig-1-915x1024.jpg 915w, https:\/\/fkgintra.lt\/wp-content\/uploads\/2024\/04\/olipekka-ojala-ig-1-768x860.jpg 768w, https:\/\/fkgintra.lt\/wp-content\/uploads\/2024\/04\/olipekka-ojala-ig-1-1372x1536.jpg 1372w, https:\/\/fkgintra.lt\/wp-content\/uploads\/2024\/04\/olipekka-ojala-ig-1-11x12.jpg 11w, https:\/\/fkgintra.lt\/wp-content\/uploads\/2024\/04\/olipekka-ojala-ig-1-1715x1920.jpg 1715w, https:\/\/fkgintra.lt\/wp-content\/uploads\/2024\/04\/olipekka-ojala-ig-1-180x202.jpg 180w\" sizes=\"(max-width: 1789px) 100vw, 1789px\" \/><\/p>\n<p><img loading=\"lazy\" decoding=\"async\" class=\"alignnone wp-image-5907 size-full\" src=\"https:\/\/fkgintra.lt\/wp-content\/uploads\/2024\/04\/4.jpg\" alt=\"\" width=\"1126\" height=\"1577\" srcset=\"https:\/\/fkgintra.lt\/wp-content\/uploads\/2024\/04\/4.jpg 1126w, https:\/\/fkgintra.lt\/wp-content\/uploads\/2024\/04\/4-214x300.jpg 214w, https:\/\/fkgintra.lt\/wp-content\/uploads\/2024\/04\/4-731x1024.jpg 731w, https:\/\/fkgintra.lt\/wp-content\/uploads\/2024\/04\/4-768x1076.jpg 768w, https:\/\/fkgintra.lt\/wp-content\/uploads\/2024\/04\/4-1097x1536.jpg 1097w, https:\/\/fkgintra.lt\/wp-content\/uploads\/2024\/04\/4-9x12.jpg 9w, https:\/\/fkgintra.lt\/wp-content\/uploads\/2024\/04\/4-180x252.jpg 180w\" sizes=\"(max-width: 1126px) 100vw, 1126px\" \/><\/p>\n<p><img loading=\"lazy\" decoding=\"async\" class=\"alignnone wp-image-5908 size-full\" src=\"https:\/\/fkgintra.lt\/wp-content\/uploads\/2024\/04\/first.jpg\" alt=\"\" width=\"1651\" height=\"1111\" srcset=\"https:\/\/fkgintra.lt\/wp-content\/uploads\/2024\/04\/first.jpg 1651w, https:\/\/fkgintra.lt\/wp-content\/uploads\/2024\/04\/first-300x202.jpg 300w, https:\/\/fkgintra.lt\/wp-content\/uploads\/2024\/04\/first-1024x689.jpg 1024w, https:\/\/fkgintra.lt\/wp-content\/uploads\/2024\/04\/first-768x517.jpg 768w, https:\/\/fkgintra.lt\/wp-content\/uploads\/2024\/04\/first-1536x1034.jpg 1536w, https:\/\/fkgintra.lt\/wp-content\/uploads\/2024\/04\/first-18x12.jpg 18w, https:\/\/fkgintra.lt\/wp-content\/uploads\/2024\/04\/first-180x121.jpg 180w\" sizes=\"(max-width: 1651px) 100vw, 1651px\" \/><\/p>","protected":false},"excerpt":{"rendered":"<p>\u0160iauli\u0173 \u201eGintros\u201c komandos vyriausiojo trenerio pareigose \u2013 permainos. Prie Lietuvos \u010dempioni\u0173 vairo Kalojan\u0105 Petkov\u0105 kei\u010dia 37-eri\u0173 met\u0173 specialistas i\u0161 Suomijos Ollipekka Ojala. \u201eGintros\u201c klubas u\u017e \u012fd\u0117t\u0105 darb\u0105 ir pasiektas pergales per pastaruosius du metus d\u0117koja treneriui K. Petkovui bei linki s\u0117km\u0117s tolimesniame karjeros etape. O. Ojala \u012f Saul\u0117s miest\u0105 atvyksta i\u0161 gimtin\u0117s, kur nuo 2019-\u0173j\u0173 [&hellip;]<\/p>","protected":false},"author":3,"featured_media":5895,"comment_status":"closed","ping_status":"open","sticky":false,"template":"","format":"standard","meta":{"footnotes":""},"categories":[1],"tags":[],"_links":{"self":[{"href":"https:\/\/fkgintra.lt\/en\/wp-json\/wp\/v2\/posts\/5856"}],"collection":[{"href":"https:\/\/fkgintra.lt\/en\/wp-json\/wp\/v2\/posts"}],"about":[{"href":"https:\/\/fkgintra.lt\/en\/wp-json\/wp\/v2\/types\/post"}],"author":[{"embeddable":true,"href":"https:\/\/fkgintra.lt\/en\/wp-json\/wp\/v2\/users\/3"}],"replies":[{"embeddable":true,"href":"https:\/\/fkgintra.lt\/en\/wp-json\/wp\/v2\/comments?post=5856"}],"version-history":[{"count":9,"href":"https:\/\/fkgintra.lt\/en\/wp-json\/wp\/v2\/posts\/5856\/revisions"}],"predecessor-version":[{"id":5909,"href":"https:\/\/fkgintra.lt\/en\/wp-json\/wp\/v2\/posts\/5856\/revisions\/5909"}],"wp:featuredmedia":[{"embeddable":true,"href":"https:\/\/fkgintra.lt\/en\/wp-json\/wp\/v2\/media\/5895"}],"wp:attachment":[{"href":"https:\/\/fkgintra.lt\/en\/wp-json\/wp\/v2\/media?parent=5856"}],"wp:term":[{"taxonomy":"category","embeddable":true,"href":"https:\/\/fkgintra.lt\/en\/wp-json\/wp\/v2\/categories?post=5856"},{"taxonomy":"post_tag","embeddable":true,"href":"https:\/\/fkgintra.lt\/en\/wp-json\/wp\/v2\/tags?post=5856"}],"curies":[{"name":"wp","href":"https:\/\/api.w.org\/{rel}","templated":true}]}}