{"id":6627,"date":"2025-01-17T13:27:53","date_gmt":"2025-01-17T13:27:53","guid":{"rendered":"https:\/\/fkgintra.lt\/?p=6627"},"modified":"2025-01-17T14:01:41","modified_gmt":"2025-01-17T14:01:41","slug":"fc-gintra-pratese-sutarti-su-amerikiete-r-beal","status":"publish","type":"post","link":"https:\/\/fkgintra.lt\/en\/fc-gintra-pratese-sutarti-su-amerikiete-r-beal\/","title":{"rendered":"Prat\u0119sta sutartis su amerikiete R. Beal"},"content":{"rendered":"<p>\u0160iauli\u0173 \u201eGintros\u201c klubas prane\u0161a, kad 30-ies met\u0173 gyn\u0117ja Rashida Beal ir toliau gins daugkartini\u0173 Lietuvos \u010dempioni\u0173 garb\u0119.<\/p>\n<p>Amerikiet\u0117, prie komandos prisijungusi pra\u0117jusi\u0105 vasar\u0105, greitai tapo svarbia jos dalimi. Nuo pirm\u0173j\u0173 rungtyni\u0173 ji pasi\u017eym\u0117jo atleti\u0161kumu, fizi\u0161kumu ir geb\u0117jimu vienyti komand\u0105. Solidus futbolinink\u0117s \u017eaidimas antroje sezono dalyje ir turimas potencialas \u012frod\u0117, kad jos ind\u0117lis gali b\u016bti dar svaresnis ateinan\u010diame sezone. Rashidos patirtis ir profesionalumas prisid\u0117jo prie \u201eGintros\u201c s\u0117km\u0117s apginant \u0161alies \u010dempioni\u0173 titul\u0105, tod\u0117l prat\u0119sti bendradarbiavim\u0105 buvo nat\u016bralus \u017eingsnis.<\/p>\n<p>\u201eD\u017eiaugiam\u0117s gal\u0117dami prat\u0119sti bendradarbiavim\u0105 su Rashida. Ji turi reikiam\u0105 atsidavim\u0105, profesionalum\u0105 bei svariai prisideda prie pozityvios atmosferos k\u016brimo r\u016bbin\u0117je. Tikim\u0117s, kad likdama komandoje \u017eaisti antr\u0105 sezon\u0105 ji \u012fgaus dar daugiau pasitik\u0117jimo ir tur\u0117s svarbi\u0105 rol\u0119 sud\u0117tyje\u201c \u2013 teig\u0117 klubo direktorius Mantas Radavi\u010dius.<\/p>\n<p>Savo ruo\u017etu R. Beal d\u017eiaug\u0117si, kad klubo vadovai ir treneriai parod\u0117 pasitik\u0117jim\u0105: \u201eNuo pirmos dienos \u010dia jau\u010diausi priimta kaip \u0161eimos nar\u0117. Esu d\u0117kinga u\u017e pasitik\u0117jim\u0105 ir galimyb\u0119 toliau b\u016bti \u0161ios ambicingos komandos dalimi. Nekantrauju kartu su komandos draug\u0117mis siekti nauj\u0173 pergali\u0173 ir ambicing\u0173 tiksl\u0173\u201c \u2013 kalb\u0117jo gyn\u0117ja.<\/p>\n<p>Linkime s\u0117kmingo sezono ir tikime tvirtu Rashidos ind\u0117liu \u012f komandos pergales art\u0117jan\u010diame sezone.<\/p>\n<p><img loading=\"lazy\" decoding=\"async\" class=\"alignnone wp-image-6629 size-full\" src=\"https:\/\/fkgintra.lt\/wp-content\/uploads\/2025\/01\/FC-Gintra-2024-post-7.png\" alt=\"\" width=\"1080\" height=\"1350\" srcset=\"https:\/\/fkgintra.lt\/wp-content\/uploads\/2025\/01\/FC-Gintra-2024-post-7.png 1080w, https:\/\/fkgintra.lt\/wp-content\/uploads\/2025\/01\/FC-Gintra-2024-post-7-240x300.png 240w, https:\/\/fkgintra.lt\/wp-content\/uploads\/2025\/01\/FC-Gintra-2024-post-7-819x1024.png 819w, https:\/\/fkgintra.lt\/wp-content\/uploads\/2025\/01\/FC-Gintra-2024-post-7-768x960.png 768w, https:\/\/fkgintra.lt\/wp-content\/uploads\/2025\/01\/FC-Gintra-2024-post-7-10x12.png 10w, https:\/\/fkgintra.lt\/wp-content\/uploads\/2025\/01\/FC-Gintra-2024-post-7-180x225.png 180w\" sizes=\"(max-width: 1080px) 100vw, 1080px\" \/><\/p>","protected":false},"excerpt":{"rendered":"<p>\u0160iauli\u0173 \u201eGintros\u201c klubas prane\u0161a, kad 30-ies met\u0173 gyn\u0117ja Rashida Beal ir toliau gins daugkartini\u0173 Lietuvos \u010dempioni\u0173 garb\u0119. Amerikiet\u0117, prie komandos prisijungusi pra\u0117jusi\u0105 vasar\u0105, greitai tapo svarbia jos dalimi. Nuo pirm\u0173j\u0173 rungtyni\u0173 ji pasi\u017eym\u0117jo atleti\u0161kumu, fizi\u0161kumu ir geb\u0117jimu vienyti komand\u0105. Solidus futbolinink\u0117s \u017eaidimas antroje sezono dalyje ir turimas potencialas \u012frod\u0117, kad jos ind\u0117lis gali b\u016bti dar [&hellip;]<\/p>","protected":false},"author":3,"featured_media":6628,"comment_status":"closed","ping_status":"open","sticky":false,"template":"","format":"standard","meta":{"footnotes":""},"categories":[1],"tags":[],"_links":{"self":[{"href":"https:\/\/fkgintra.lt\/en\/wp-json\/wp\/v2\/posts\/6627"}],"collection":[{"href":"https:\/\/fkgintra.lt\/en\/wp-json\/wp\/v2\/posts"}],"about":[{"href":"https:\/\/fkgintra.lt\/en\/wp-json\/wp\/v2\/types\/post"}],"author":[{"embeddable":true,"href":"https:\/\/fkgintra.lt\/en\/wp-json\/wp\/v2\/users\/3"}],"replies":[{"embeddable":true,"href":"https:\/\/fkgintra.lt\/en\/wp-json\/wp\/v2\/comments?post=6627"}],"version-history":[{"count":4,"href":"https:\/\/fkgintra.lt\/en\/wp-json\/wp\/v2\/posts\/6627\/revisions"}],"predecessor-version":[{"id":6633,"href":"https:\/\/fkgintra.lt\/en\/wp-json\/wp\/v2\/posts\/6627\/revisions\/6633"}],"wp:featuredmedia":[{"embeddable":true,"href":"https:\/\/fkgintra.lt\/en\/wp-json\/wp\/v2\/media\/6628"}],"wp:attachment":[{"href":"https:\/\/fkgintra.lt\/en\/wp-json\/wp\/v2\/media?parent=6627"}],"wp:term":[{"taxonomy":"category","embeddable":true,"href":"https:\/\/fkgintra.lt\/en\/wp-json\/wp\/v2\/categories?post=6627"},{"taxonomy":"post_tag","embeddable":true,"href":"https:\/\/fkgintra.lt\/en\/wp-json\/wp\/v2\/tags?post=6627"}],"curies":[{"name":"wp","href":"https:\/\/api.w.org\/{rel}","templated":true}]}}