{"id":6635,"date":"2025-01-21T13:56:25","date_gmt":"2025-01-21T13:56:25","guid":{"rendered":"https:\/\/fkgintra.lt\/?p=6635"},"modified":"2025-01-21T13:56:25","modified_gmt":"2025-01-21T13:56:25","slug":"kapitone-ir-toliau-gins-lietuvos-cempioniu-garbe","status":"publish","type":"post","link":"https:\/\/fkgintra.lt\/en\/kapitone-ir-toliau-gins-lietuvos-cempioniu-garbe\/","title":{"rendered":"Kapiton\u0117 ir toliau gins Lietuvos \u010dempioni\u0173 garb\u0119"},"content":{"rendered":"<p>Ilgamet\u0117 \u0160iauli\u0173 \u201eGintros\u201c komandos gyn\u0117ja, kapiton\u0117 ir Lietuvos nacionalin\u0117s moter\u0173 rinktin\u0117s nar\u0117 Algimant\u0117 Mikutait\u0117 toliau gins Lietuvos \u010dempioni\u0173 garb\u0119. Su komanda ji prat\u0119s\u0117 sutart\u012f ir jau ruo\u0161iasi naujiems i\u0161\u0161\u016bkiams ateinan\u010diame sezone.<\/p>\n<p>44-uoju numeriu pa\u017eym\u0117tus geltonai juodus mar\u0161kin\u0117lius vilkinti A. Mikutait\u0117, su pertrauka, kai buvo i\u0161vykusi rungtyniauti \u012f Ispanij\u0105, \u201eGintros\u201c garb\u0119 gina jau daugiau nei de\u0161imtmet\u012f. Jos patirtis ir lyderyst\u0117 aik\u0161t\u0117je ne kart\u0105 pad\u0117jo komandai siekti pergali\u0173 tiek Lietuvos, tiek tarptautin\u0117se arenose.<\/p>\n<p>Gyn\u0117ja \u012f \u201eGintr\u0105\u201c sugr\u012f\u017eo 2022 met\u0173 vasar\u0105 ir su komanda sp\u0117jo dar tris kartus tapti \u0161alies \u010dempione, dukart kelti \u012f vir\u0161\u0173 Baltijos lygos trof\u0117jus.<\/p>\n<p>\u201eD\u017eiaugiuosi gal\u0117dama t\u0119sti savo karjer\u0105 \u201eGintros\u201c organizacijoje. \u0160is klubas ir miestas jau tapo mano namais, o galimyb\u0117 \u017eaisti auk\u0161\u010diausiu lygiu mane motyvuoja sportuoti ir siekti nauj\u0173 pergali\u0173. Esu pasiruo\u0161usi atiduoti visas j\u0117gas aik\u0161t\u0117je bei kartu su komandos draug\u0117mis priimti naujus i\u0161\u0161\u016bkius\u201c, \u2013 teig\u0117 A. Mikutait\u0117.<\/p>\n<p>\u201eGintros\u201c klubo direktorius Mantas Radavi\u010dius d\u017eiaug\u0117si prat\u0119sta sutartimi su kapitone ir akcentavo gyn\u0117jos svarb\u0105 komandai: \u201eAlgimant\u0117 yra ne tik puiki \u017eaid\u0117ja, bet ir nuo\u0161irdi asmenyb\u0117, tikra lyder\u0117 tiek aik\u0161t\u0117je, tiek u\u017e jos rib\u0173. Jos sukaupta patirtis ir atsidavimas komandai yra did\u017eiul\u0117 vertyb\u0117. Esame tikri, kad su jos pagalba komanda ir toliau sieks ambicing\u0173 tiksl\u0173.\u201c<\/p>\n<p>\u201eGintra\u201c jau prad\u0117jo pasirengim\u0105 naujam sezonui. Komandos vair\u0105 per\u0117m\u0117 strategas i\u0161 Anglijos Steve&#8217;as Beeks&#8217;as.<\/p>\n<p>Tarpsezoniu sutartis su geltonai juodomis prat\u0119s\u0117 gyn\u0117ja Laura Kubili\u016bt\u0117, saug\u0117 Agnie\u0161ka Kazarina, gyn\u0117ja i\u0161 Brazilijos Sabrina Amorim, vartinink\u0117 i\u0161 Suomijos Liisa Tuomi bei gyn\u0117ja i\u0161 JAV Rashida Beal.<\/p>\n<p>Galiojan\u010dius kontraktus tur\u0117jo ir su komanda pasirengim\u0105 sezonui taip pat jau prad\u0117jo Erika \u0160upelyt\u0117, Tereza Romanovskaja, Gabriel\u0117 Vasilenko, Eitvyd\u0117 Partikait\u0117, Meida Proscevi\u010di\u016bt\u0117 ir jaunosios \u0160iauli\u0173 sporto gimnazijos bei klubo aukl\u0117tin\u0117s \u2013 Urt\u0117 Bujokait\u0117, Dominyka Misi\u016bnait\u0117, And\u017eela Vai\u010dyt\u0117, Gabriel\u0117 \u0160imkut\u0117, Elinga Kesminait\u0117, Karina Lap\u0161yt\u0117, Gabriel\u0117 Gauril\u010dikait\u0117, August\u0117 Baltru\u0161aityt\u0117 ir Gabija Dagyt\u0117.<\/p>\n<p><img loading=\"lazy\" decoding=\"async\" class=\"alignnone wp-image-6636 size-full\" src=\"https:\/\/fkgintra.lt\/wp-content\/uploads\/2025\/01\/FC-Gintra-2024-post-1.png\" alt=\"\" width=\"1080\" height=\"1350\" srcset=\"https:\/\/fkgintra.lt\/wp-content\/uploads\/2025\/01\/FC-Gintra-2024-post-1.png 1080w, https:\/\/fkgintra.lt\/wp-content\/uploads\/2025\/01\/FC-Gintra-2024-post-1-240x300.png 240w, https:\/\/fkgintra.lt\/wp-content\/uploads\/2025\/01\/FC-Gintra-2024-post-1-819x1024.png 819w, https:\/\/fkgintra.lt\/wp-content\/uploads\/2025\/01\/FC-Gintra-2024-post-1-768x960.png 768w, https:\/\/fkgintra.lt\/wp-content\/uploads\/2025\/01\/FC-Gintra-2024-post-1-10x12.png 10w, https:\/\/fkgintra.lt\/wp-content\/uploads\/2025\/01\/FC-Gintra-2024-post-1-180x225.png 180w\" sizes=\"(max-width: 1080px) 100vw, 1080px\" \/><\/p>","protected":false},"excerpt":{"rendered":"<p>Ilgamet\u0117 \u0160iauli\u0173 \u201eGintros\u201c komandos gyn\u0117ja, kapiton\u0117 ir Lietuvos nacionalin\u0117s moter\u0173 rinktin\u0117s nar\u0117 Algimant\u0117 Mikutait\u0117 toliau gins Lietuvos \u010dempioni\u0173 garb\u0119. Su komanda ji prat\u0119s\u0117 sutart\u012f ir jau ruo\u0161iasi naujiems i\u0161\u0161\u016bkiams ateinan\u010diame sezone. 44-uoju numeriu pa\u017eym\u0117tus geltonai juodus mar\u0161kin\u0117lius vilkinti A. Mikutait\u0117, su pertrauka, kai buvo i\u0161vykusi rungtyniauti \u012f Ispanij\u0105, \u201eGintros\u201c garb\u0119 gina jau daugiau nei de\u0161imtmet\u012f. [&hellip;]<\/p>","protected":false},"author":3,"featured_media":6638,"comment_status":"closed","ping_status":"open","sticky":false,"template":"","format":"standard","meta":{"footnotes":""},"categories":[1],"tags":[],"_links":{"self":[{"href":"https:\/\/fkgintra.lt\/en\/wp-json\/wp\/v2\/posts\/6635"}],"collection":[{"href":"https:\/\/fkgintra.lt\/en\/wp-json\/wp\/v2\/posts"}],"about":[{"href":"https:\/\/fkgintra.lt\/en\/wp-json\/wp\/v2\/types\/post"}],"author":[{"embeddable":true,"href":"https:\/\/fkgintra.lt\/en\/wp-json\/wp\/v2\/users\/3"}],"replies":[{"embeddable":true,"href":"https:\/\/fkgintra.lt\/en\/wp-json\/wp\/v2\/comments?post=6635"}],"version-history":[{"count":2,"href":"https:\/\/fkgintra.lt\/en\/wp-json\/wp\/v2\/posts\/6635\/revisions"}],"predecessor-version":[{"id":6639,"href":"https:\/\/fkgintra.lt\/en\/wp-json\/wp\/v2\/posts\/6635\/revisions\/6639"}],"wp:featuredmedia":[{"embeddable":true,"href":"https:\/\/fkgintra.lt\/en\/wp-json\/wp\/v2\/media\/6638"}],"wp:attachment":[{"href":"https:\/\/fkgintra.lt\/en\/wp-json\/wp\/v2\/media?parent=6635"}],"wp:term":[{"taxonomy":"category","embeddable":true,"href":"https:\/\/fkgintra.lt\/en\/wp-json\/wp\/v2\/categories?post=6635"},{"taxonomy":"post_tag","embeddable":true,"href":"https:\/\/fkgintra.lt\/en\/wp-json\/wp\/v2\/tags?post=6635"}],"curies":[{"name":"wp","href":"https:\/\/api.w.org\/{rel}","templated":true}]}}