{"id":6646,"date":"2025-02-05T12:51:10","date_gmt":"2025-02-05T12:51:10","guid":{"rendered":"https:\/\/fkgintra.lt\/?p=6646"},"modified":"2025-02-05T13:51:10","modified_gmt":"2025-02-05T13:51:10","slug":"geltonai-juodu-gretose-talentinga-15-mete-justina-blazevicute","status":"publish","type":"post","link":"https:\/\/fkgintra.lt\/en\/geltonai-juodu-gretose-talentinga-15-mete-justina-blazevicute\/","title":{"rendered":"Geltonai juod\u0173 gretose \u2013 talentinga 15-met\u0117 Justina Bla\u017eevi\u010d\u016bt\u0117"},"content":{"rendered":"<p>\u0160iauli\u0173 \u201eGintros\u201c klubas pasipild\u0117 perspektyvia jaunosios kartos futbolininke \u2013 15-mete kra\u0161to sauge Justina Bla\u017eevi\u010d\u016bte. I\u0161 Tel\u0161i\u0173 kilusi sportinink\u0117 savo futbolo keli\u0105 prad\u0117jo gimtajame mieste, o jau dabar dr\u0105siai \u017eengia \u012f auk\u0161tesn\u012f lyg\u012f, siekdama tobul\u0117ti ir \u012fsitvirtinti stipriausioje Lietuvos moter\u0173 futbolo komandoje.<\/p>\n<p>2023-aisiais ji su Tel\u0161i\u0173 \u201eD\u017eiugo\u201c komanda rungtyniavo Lietuvos I moter\u0173 lygoje ir pad\u0117jo ekipai i\u0161kovoti sidabro medalius. \u0160ios futbolinink\u0117s talentas ir darbas aik\u0161t\u0117je neliko nepasteb\u0117tas ir po pra\u0117jusio sezono \u2013 Justina buvo nominuota tarp geriausi\u0173 2024-\u0173j\u0173 met\u0173 Lietuvos jaun\u0173j\u0173 futbolininki\u0173.<\/p>\n<p>Pastar\u0105j\u012f sezon\u0105 J. Bla\u017eevi\u010d\u016bt\u0117 atstovavo Vilniaus MFA \u201e\u017dalgiris-MRU\u201c ekipai, o dabar jos karjeros kelias veda \u012f stipriausi\u0105 \u0161alies klub\u0105 \u2013 Justina jau atvyko \u012f Saul\u0117s miest\u0105 ir prisijung\u0117 prie komandos treniruo\u010di\u0173 proceso. \u201eGintros\u201c organizacija investuoja \u012f jaun\u0105sias futbolininkes, suteikiant joms galimyb\u0119 augti profesionalioje aplinkoje, siekti auk\u0161\u010diausi\u0173 sportini\u0173 tiksl\u0173 bei sudaro galimybes derinti moksl\u0105 su sportu.<\/p>\n<p>\u201eD\u017eiaugiam\u0117s, kad Justina prisijungia prie m\u016bs\u0173 organizacijos bei deda ambicing\u0105 \u017eingsn\u012f pirmyn savo karjeroje. Ji pasi\u017eymi grei\u010diu, kovingumu ir puikiu aik\u0161t\u0117s matymu \u2013 savyb\u0117mis, kurios itin svarbios kra\u0161to saugei. Tikime, kad \u010dia ji gal\u0117s dar labiau atsiskleisti, tobul\u0117ti bei pademonstruoti vis\u0105 savo potencial\u0105 rungtyniaujant ir jaunimo komandoje ir pagrindin\u0117s ekipos sud\u0117tyje\u201c, \u2013 pristatydamas naujok\u0119 kalb\u0117jo \u201eGintros\u201c klubo direktorius Mantas Radavi\u010dius.<\/p>\n<p>Jaunoji futbolinink\u0117 taip pat neslepia d\u017eiaugsmo: \u201eTai did\u017eiulis \u017eingsnis mano karjeroje. Esu pasiruo\u0161usi sunkiai dirbti, mokytis i\u0161 patyrusi\u0173 \u017eaid\u0117j\u0173 ir prisid\u0117ti prie komandos pergali\u0173. Neabejoju, kad \u0161i patirtis man pad\u0117s tobul\u0117ti tiek kaip \u017eaid\u0117jai, tiek kaip asmenybei.\u201c, \u2013 d\u017eiaug\u0117si 15-uoju numeriu pa\u017eym\u0117tus mar\u0161kin\u0117lius vilk\u0117sianti \u017eaid\u0117ja.<\/p>\n<p><img loading=\"lazy\" decoding=\"async\" class=\"alignnone wp-image-6651 size-full\" src=\"https:\/\/fkgintra.lt\/wp-content\/uploads\/2025\/02\/Justina-FB-post.png\" alt=\"\" width=\"1080\" height=\"1350\" srcset=\"https:\/\/fkgintra.lt\/wp-content\/uploads\/2025\/02\/Justina-FB-post.png 1080w, https:\/\/fkgintra.lt\/wp-content\/uploads\/2025\/02\/Justina-FB-post-240x300.png 240w, https:\/\/fkgintra.lt\/wp-content\/uploads\/2025\/02\/Justina-FB-post-819x1024.png 819w, https:\/\/fkgintra.lt\/wp-content\/uploads\/2025\/02\/Justina-FB-post-768x960.png 768w, https:\/\/fkgintra.lt\/wp-content\/uploads\/2025\/02\/Justina-FB-post-10x12.png 10w, https:\/\/fkgintra.lt\/wp-content\/uploads\/2025\/02\/Justina-FB-post-180x225.png 180w\" sizes=\"(max-width: 1080px) 100vw, 1080px\" \/><\/p>","protected":false},"excerpt":{"rendered":"<p>\u0160iauli\u0173 \u201eGintros\u201c klubas pasipild\u0117 perspektyvia jaunosios kartos futbolininke \u2013 15-mete kra\u0161to sauge Justina Bla\u017eevi\u010d\u016bte. I\u0161 Tel\u0161i\u0173 kilusi sportinink\u0117 savo futbolo keli\u0105 prad\u0117jo gimtajame mieste, o jau dabar dr\u0105siai \u017eengia \u012f auk\u0161tesn\u012f lyg\u012f, siekdama tobul\u0117ti ir \u012fsitvirtinti stipriausioje Lietuvos moter\u0173 futbolo komandoje. 2023-aisiais ji su Tel\u0161i\u0173 \u201eD\u017eiugo\u201c komanda rungtyniavo Lietuvos I moter\u0173 lygoje ir pad\u0117jo ekipai [&hellip;]<\/p>","protected":false},"author":3,"featured_media":6647,"comment_status":"closed","ping_status":"open","sticky":false,"template":"","format":"standard","meta":{"footnotes":""},"categories":[1],"tags":[],"_links":{"self":[{"href":"https:\/\/fkgintra.lt\/en\/wp-json\/wp\/v2\/posts\/6646"}],"collection":[{"href":"https:\/\/fkgintra.lt\/en\/wp-json\/wp\/v2\/posts"}],"about":[{"href":"https:\/\/fkgintra.lt\/en\/wp-json\/wp\/v2\/types\/post"}],"author":[{"embeddable":true,"href":"https:\/\/fkgintra.lt\/en\/wp-json\/wp\/v2\/users\/3"}],"replies":[{"embeddable":true,"href":"https:\/\/fkgintra.lt\/en\/wp-json\/wp\/v2\/comments?post=6646"}],"version-history":[{"count":5,"href":"https:\/\/fkgintra.lt\/en\/wp-json\/wp\/v2\/posts\/6646\/revisions"}],"predecessor-version":[{"id":6656,"href":"https:\/\/fkgintra.lt\/en\/wp-json\/wp\/v2\/posts\/6646\/revisions\/6656"}],"wp:featuredmedia":[{"embeddable":true,"href":"https:\/\/fkgintra.lt\/en\/wp-json\/wp\/v2\/media\/6647"}],"wp:attachment":[{"href":"https:\/\/fkgintra.lt\/en\/wp-json\/wp\/v2\/media?parent=6646"}],"wp:term":[{"taxonomy":"category","embeddable":true,"href":"https:\/\/fkgintra.lt\/en\/wp-json\/wp\/v2\/categories?post=6646"},{"taxonomy":"post_tag","embeddable":true,"href":"https:\/\/fkgintra.lt\/en\/wp-json\/wp\/v2\/tags?post=6646"}],"curies":[{"name":"wp","href":"https:\/\/api.w.org\/{rel}","templated":true}]}}