{"id":6657,"date":"2025-02-14T14:17:17","date_gmt":"2025-02-14T14:17:17","guid":{"rendered":"https:\/\/fkgintra.lt\/?p=6657"},"modified":"2025-02-14T14:24:59","modified_gmt":"2025-02-14T14:24:59","slug":"komanda-sustiprino-italisku-saknu-turinti-brazile","status":"publish","type":"post","link":"https:\/\/fkgintra.lt\/en\/komanda-sustiprino-italisku-saknu-turinti-brazile\/","title":{"rendered":"Komand\u0105 sustiprino itali\u0161k\u0173 \u0161akn\u0173 turinti brazil\u0117"},"content":{"rendered":"<p data-pm-slice=\"1 1 []\">Lietuvos \u010dempion\u0117 \u0160iauli\u0173 \u201eGintra\u201c sulauk\u0117 solidaus papildymo \u2013 komand\u0105 sustiprino 26-eri\u0173 met\u0173 Brazilijos futbolinink\u0117 Laura Spenazzatto. Atakuojan\u010dios saug\u0117s pozicijoje rungtyniaujanti \u017eaid\u0117ja po ilgos kelion\u0117s per pasaulio \u017eemynus jau pasiek\u0117 Lietuv\u0105, atvyko \u012f Saul\u0117s miest\u0105 bei jau sp\u0117jo susipa\u017einti su komandos draug\u0117mis ir treneriais.<\/p>\n<p>L. Spenazzatto gim\u0117 San Migelio do Este mieste Brazilijoje ir kaip \u012fprasta \u0161ios tautos atstovams greitai atrado futbolo kamuol\u012f. Nors ne ma\u017e\u0105 karjeros dal\u012f ji praleido rungtyniaudama gimtin\u0117je \u2013 futbolinink\u0117 jau sp\u0117jo paragauti ir legionier\u0117s duonos. 2019 metais saug\u0117 i\u0161vyko rungtyniauti \u012f Portugalij\u0105, kur skirtinguose klubuose praleido du sezonus, po j\u0173 metams sugr\u012f\u017eo \u012f t\u0117vyn\u0119, o 2023 metais i\u0161band\u0117 Japonijos futbolo lyg\u012f rungtyniaudama auk\u0161\u010diausioje \u0161ios \u0161alies lygoje.<\/p>\n<p><img loading=\"lazy\" decoding=\"async\" class=\"alignnone wp-image-6659 size-full\" src=\"https:\/\/fkgintra.lt\/wp-content\/uploads\/2025\/02\/image1-scaled.jpeg\" alt=\"\" width=\"2048\" height=\"1365\" srcset=\"https:\/\/fkgintra.lt\/wp-content\/uploads\/2025\/02\/image1-scaled.jpeg 2048w, https:\/\/fkgintra.lt\/wp-content\/uploads\/2025\/02\/image1-300x200.jpeg 300w, https:\/\/fkgintra.lt\/wp-content\/uploads\/2025\/02\/image1-1024x683.jpeg 1024w, https:\/\/fkgintra.lt\/wp-content\/uploads\/2025\/02\/image1-768x512.jpeg 768w, https:\/\/fkgintra.lt\/wp-content\/uploads\/2025\/02\/image1-1536x1024.jpeg 1536w, https:\/\/fkgintra.lt\/wp-content\/uploads\/2025\/02\/image1-18x12.jpeg 18w, https:\/\/fkgintra.lt\/wp-content\/uploads\/2025\/02\/image1-1920x1280.jpeg 1920w, https:\/\/fkgintra.lt\/wp-content\/uploads\/2025\/02\/image1-180x120.jpeg 180w\" sizes=\"(max-width: 2048px) 100vw, 2048px\" \/><br \/>\n<em>L. Spenazzatto yra rungtyniavusi ne tik Europoje, bet ir Azijoje.<\/em><\/p>\n<p>Naujoji gintriet\u0117 yra atstovavusi ir Brazilijos U20 nacionalinei rinktinei, o per savo karjer\u0105 jau sp\u0117jo pasid\u017eiaugti Brazilijos taur\u0117s trof\u0117jumi, tapti \u0161alies jaunimo \u010dempionato vice\u010dempione bei tris kartus triumfuoti Amazon\u0117s taur\u0117s pirmenyb\u0117se.<\/p>\n<p>L. Spenazzatto i\u0161siskiria puikiu aik\u0161t\u0117s matymu, techni\u0161ka kamuolio kontrole, tiksliais perdavimais bei \u012fg\u016bd\u017eiu vienodai gerai \u017eaisti abiem kojomis. Ji pati save apib\u016bdina kaip futbolinink\u0119, kuri m\u0117gsta kontroliuoti \u017eaidim\u0105, b\u016bti aik\u0161t\u0117s generole ir kurti progas sau bei komandos draug\u0117ms.<\/p>\n<p data-pm-slice=\"1 1 []\">Nors Laura gim\u0117 Brazilijoje, jos pavard\u0117 atskleid\u017eia itali\u0161kas \u0161aknis \u2013 jos prosenelis buvo italas. Tiesa, \u0161iuo metu ji neturi giminai\u010di\u0173, gyvenan\u010di\u0173 \u0161ioje \u0161alyje. \u201eItali\u0161ka pavard\u0117 yra dalis mano \u0161eimos istorijos. Italija tam tikra kult\u016bros dalimi, \u017emoni\u0173 temperamentu turi pana\u0161um\u0173 su Brazilija\u201c, \u2013 \u0161ypsojosi 165 cm \u016bgio atlet\u0117.<\/p>\n<p data-pm-slice=\"1 1 []\">Futbolinink\u0117 pasirinko vilk\u0117ti 10-uoju numeriu pa\u017eym\u0117tus komandos mar\u0161kin\u0117lius. \u201e\u0160is numeris mane lydi nuo pat karjeros prad\u017eios. Nors jis neturi ka\u017ekokios ypatingos simbolin\u0117s reik\u0161m\u0117s, jau\u010diu, kad jis geriausiai atspindi mano pozicij\u0105 aik\u0161t\u0117je\u201c.<\/p>\n<p>Prie\u0161 u\u017ed\u0117dama para\u0161\u0105 po sutartimi su \u201eGintra\u201c, L. Spenazzatto bendravo su kita komandos brazile Sabrina Amorim, kuri jau yra tapusi svarbia klubo \u017eaid\u0117ja.<\/p>\n<p>\u201eSu Sabrina kalb\u0117jome daug, ji man papasakojo apie klub\u0105 ir tikrai pad\u0117jo apsispr\u0119sti. Ji \u010dia rungtyniaus jau antr\u0105 sezon\u0105, o tai rodo, kad \u0161ioje organizacijoje \u017eaid\u0117jai jau\u010diasi u\u017etikrintai, turi galimybes tobul\u0117ti bei siekti pergali\u0173\u201c, \u2013 apie apsisprendim\u0105 keltis \u012f daugkartini\u0173 \u0161alies \u010dempioni\u0173 gretas pasakojo geltonai juod\u0173 naujok\u0117.<\/p>\n<p>Klubo direktorius Mantas Radavi\u010dius sveikino komand\u0105 papild\u017eiusi\u0105 \u017eaid\u0117j\u0105 ir tikisi, kad jos jau sukaupta patirtis bei turim\u0173 \u012fg\u016bd\u017ei\u0173 paketas pad\u0117s pagerinti kokyb\u0119 saugi\u0173 grandyje: \u201eLaura \u2013 dar jauna, bet tuo pa\u010diu jau patyrusi futbolinink\u0117, rungtyniavusi \u012fvairiose \u0161alyse ir skirtingose futbolo kult\u016brose. Tikime, kad jos prisijungimas pad\u0117s u\u017etikrinti stabilum\u0105 aik\u0161t\u0117s viduryje bei \u012fne\u0161 daugiau k\u016brybos\u201c.<\/p>\n<p>Artimiausiu metu Laura jau tur\u0117s galimyb\u0119 debiutuoti su \u201eGintros\u201c apranga. \u0160e\u0161tadien\u012f komanda vyks \u012f Ryg\u0105, kur kontrolin\u0117se rungtyn\u0117se i\u0161m\u0117gins j\u0117gas su Rygos futbolo mokyklos vienuolike.<\/p>\n<p><img loading=\"lazy\" decoding=\"async\" class=\"alignnone wp-image-6665 size-full\" src=\"https:\/\/fkgintra.lt\/wp-content\/uploads\/2025\/02\/laura-post.png\" alt=\"\" width=\"1080\" height=\"1350\" srcset=\"https:\/\/fkgintra.lt\/wp-content\/uploads\/2025\/02\/laura-post.png 1080w, https:\/\/fkgintra.lt\/wp-content\/uploads\/2025\/02\/laura-post-240x300.png 240w, https:\/\/fkgintra.lt\/wp-content\/uploads\/2025\/02\/laura-post-819x1024.png 819w, https:\/\/fkgintra.lt\/wp-content\/uploads\/2025\/02\/laura-post-768x960.png 768w, https:\/\/fkgintra.lt\/wp-content\/uploads\/2025\/02\/laura-post-10x12.png 10w, https:\/\/fkgintra.lt\/wp-content\/uploads\/2025\/02\/laura-post-180x225.png 180w\" sizes=\"(max-width: 1080px) 100vw, 1080px\" \/><\/p>","protected":false},"excerpt":{"rendered":"<p>Lietuvos \u010dempion\u0117 \u0160iauli\u0173 \u201eGintra\u201c sulauk\u0117 solidaus papildymo \u2013 komand\u0105 sustiprino 26-eri\u0173 met\u0173 Brazilijos futbolinink\u0117 Laura Spenazzatto. Atakuojan\u010dios saug\u0117s pozicijoje rungtyniaujanti \u017eaid\u0117ja po ilgos kelion\u0117s per pasaulio \u017eemynus jau pasiek\u0117 Lietuv\u0105, atvyko \u012f Saul\u0117s miest\u0105 bei jau sp\u0117jo susipa\u017einti su komandos draug\u0117mis ir treneriais. L. Spenazzatto gim\u0117 San Migelio do Este mieste Brazilijoje ir kaip \u012fprasta [&hellip;]<\/p>","protected":false},"author":3,"featured_media":6662,"comment_status":"closed","ping_status":"open","sticky":false,"template":"","format":"standard","meta":{"footnotes":""},"categories":[1],"tags":[],"_links":{"self":[{"href":"https:\/\/fkgintra.lt\/en\/wp-json\/wp\/v2\/posts\/6657"}],"collection":[{"href":"https:\/\/fkgintra.lt\/en\/wp-json\/wp\/v2\/posts"}],"about":[{"href":"https:\/\/fkgintra.lt\/en\/wp-json\/wp\/v2\/types\/post"}],"author":[{"embeddable":true,"href":"https:\/\/fkgintra.lt\/en\/wp-json\/wp\/v2\/users\/3"}],"replies":[{"embeddable":true,"href":"https:\/\/fkgintra.lt\/en\/wp-json\/wp\/v2\/comments?post=6657"}],"version-history":[{"count":4,"href":"https:\/\/fkgintra.lt\/en\/wp-json\/wp\/v2\/posts\/6657\/revisions"}],"predecessor-version":[{"id":6666,"href":"https:\/\/fkgintra.lt\/en\/wp-json\/wp\/v2\/posts\/6657\/revisions\/6666"}],"wp:featuredmedia":[{"embeddable":true,"href":"https:\/\/fkgintra.lt\/en\/wp-json\/wp\/v2\/media\/6662"}],"wp:attachment":[{"href":"https:\/\/fkgintra.lt\/en\/wp-json\/wp\/v2\/media?parent=6657"}],"wp:term":[{"taxonomy":"category","embeddable":true,"href":"https:\/\/fkgintra.lt\/en\/wp-json\/wp\/v2\/categories?post=6657"},{"taxonomy":"post_tag","embeddable":true,"href":"https:\/\/fkgintra.lt\/en\/wp-json\/wp\/v2\/tags?post=6657"}],"curies":[{"name":"wp","href":"https:\/\/api.w.org\/{rel}","templated":true}]}}