{"id":6684,"date":"2025-02-18T12:42:25","date_gmt":"2025-02-18T12:42:25","guid":{"rendered":"https:\/\/fkgintra.lt\/?p=6684"},"modified":"2025-02-18T12:57:22","modified_gmt":"2025-02-18T12:57:22","slug":"vartininke-l-tuomi-palieka-komanda","status":"publish","type":"post","link":"https:\/\/fkgintra.lt\/en\/vartininke-l-tuomi-palieka-komanda\/","title":{"rendered":"Vartinink\u0117 L. Tuomi palieka komand\u0105"},"content":{"rendered":"<p>\u0160iauli\u0173 \u201eGintros\u201c komandai teks ie\u0161kotis naujos vart\u0173 sarg\u0117s. Pra\u0117jusio sezono viduryje Lietuvos \u010dempioni\u0173 mar\u0161kin\u0117lius apsivilkusi ir karjer\u0105 geltonai juod\u0173 gretose iki \u0161iol t\u0119susi Liisa Tuomi, pasinaudojo kontrakte numatyta s\u0105lyga, ir nusprend\u0117 persikelti \u012f kit\u0105 klub\u0105.<\/p>\n<p>21-eri\u0173 met\u0173 futbolinink\u0117 i\u0161 Suomijos pra\u0117jusiais metais gyn\u0117 geltonai juod\u0173 vartus atsakingiausiose sezono rungtyn\u0117se \u2013 Baltijos lygos finaliniame etape, UEFA moter\u0173 \u010cempioni\u0173 lygoje bei A lygos sezono fini\u0161o tiesiojoje.<\/p>\n<p>\u201eD\u0117kojame Liisai u\u017e jos ind\u0117l\u012f \u012f m\u016bs\u0173 klubo pergales ir linkime s\u0117km\u0117s naujame karjeros etape. Nemalonu, kad art\u0117jant sezonui teks v\u0117l dairytis vartinink\u0117s, ta\u010diau situacija yra tokia kokia yra ir reikia imtis darbo \u201c, \u2013 sak\u0117 klubo direktorius Mantas Radavi\u010dius.<\/p>","protected":false},"excerpt":{"rendered":"<p>\u0160iauli\u0173 \u201eGintros\u201c komandai teks ie\u0161kotis naujos vart\u0173 sarg\u0117s. Pra\u0117jusio sezono viduryje Lietuvos \u010dempioni\u0173 mar\u0161kin\u0117lius apsivilkusi ir karjer\u0105 geltonai juod\u0173 gretose iki \u0161iol t\u0119susi Liisa Tuomi, pasinaudojo kontrakte numatyta s\u0105lyga, ir nusprend\u0117 persikelti \u012f kit\u0105 klub\u0105. 21-eri\u0173 met\u0173 futbolinink\u0117 i\u0161 Suomijos pra\u0117jusiais metais gyn\u0117 geltonai juod\u0173 vartus atsakingiausiose sezono rungtyn\u0117se \u2013 Baltijos lygos finaliniame etape, UEFA [&hellip;]<\/p>","protected":false},"author":3,"featured_media":6685,"comment_status":"closed","ping_status":"open","sticky":false,"template":"","format":"standard","meta":{"footnotes":""},"categories":[1],"tags":[],"_links":{"self":[{"href":"https:\/\/fkgintra.lt\/en\/wp-json\/wp\/v2\/posts\/6684"}],"collection":[{"href":"https:\/\/fkgintra.lt\/en\/wp-json\/wp\/v2\/posts"}],"about":[{"href":"https:\/\/fkgintra.lt\/en\/wp-json\/wp\/v2\/types\/post"}],"author":[{"embeddable":true,"href":"https:\/\/fkgintra.lt\/en\/wp-json\/wp\/v2\/users\/3"}],"replies":[{"embeddable":true,"href":"https:\/\/fkgintra.lt\/en\/wp-json\/wp\/v2\/comments?post=6684"}],"version-history":[{"count":2,"href":"https:\/\/fkgintra.lt\/en\/wp-json\/wp\/v2\/posts\/6684\/revisions"}],"predecessor-version":[{"id":6687,"href":"https:\/\/fkgintra.lt\/en\/wp-json\/wp\/v2\/posts\/6684\/revisions\/6687"}],"wp:featuredmedia":[{"embeddable":true,"href":"https:\/\/fkgintra.lt\/en\/wp-json\/wp\/v2\/media\/6685"}],"wp:attachment":[{"href":"https:\/\/fkgintra.lt\/en\/wp-json\/wp\/v2\/media?parent=6684"}],"wp:term":[{"taxonomy":"category","embeddable":true,"href":"https:\/\/fkgintra.lt\/en\/wp-json\/wp\/v2\/categories?post=6684"},{"taxonomy":"post_tag","embeddable":true,"href":"https:\/\/fkgintra.lt\/en\/wp-json\/wp\/v2\/tags?post=6684"}],"curies":[{"name":"wp","href":"https:\/\/api.w.org\/{rel}","templated":true}]}}