{"id":6724,"date":"2025-02-28T12:39:48","date_gmt":"2025-02-28T12:39:48","guid":{"rendered":"https:\/\/fkgintra.lt\/?p=6724"},"modified":"2025-03-03T21:01:53","modified_gmt":"2025-03-03T21:01:53","slug":"pazistamas-veidas-naujose-spalvose-gintra-stiprina-lietuvoje-jau-rungtyniavusi-idowu-kuku","status":"publish","type":"post","link":"https:\/\/fkgintra.lt\/en\/pazistamas-veidas-naujose-spalvose-gintra-stiprina-lietuvoje-jau-rungtyniavusi-idowu-kuku\/","title":{"rendered":"Pa\u017e\u012fstamas veidas naujose spalvose \u2013 \u201eGintr\u0105 \u201cstiprina Lietuvoje rungtyniavusi Idowu Kuku"},"content":{"rendered":"<p data-pm-slice=\"1 1 []\">\u201eGintros\u201c komanda toliau stiprina sud\u0117t\u012f prie\u0161 art\u0117jant\u012f sezon\u0105 \u2013 ekip\u0105 papild\u0117 20-met\u0117 gyn\u0117ja i\u0161 Nigerijos Idowu Kuku. Futbolinink\u0117 Lietuvos moter\u0173 futbolo gerb\u0117jams jau pa\u017e\u012fstama \u2013 pra\u0117jus\u012f sezon\u0105 ji gyn\u0117 Vilniaus MFA \u201e\u017dalgirio-MRU\u201c garb\u0119. Naujok\u0117 vilk\u0117s 51-uoju numeriu pa\u017eym\u0117tus \u010dempioni\u0173 mar\u0161kin\u0117lius.<\/p>\n<p data-pm-slice=\"1 1 []\">\u201ePrisijungti prie \u201eGintros\u201c \u2013 tai didelis i\u0161\u0161\u016bkis ir reik\u0161mingas \u017eingsnis mano karjeroje. Noriu pasiimti visk\u0105 k\u0105 tik galiu b\u016bdama \u0161ioje organizacijoje. \u201c, \u2013 teig\u0117 I. Kuku.<\/p>\n<p>Idowu futbolinink\u0117s karjera prasid\u0117jo gimtojoje Nigerijoje, kur atstovavo \u201eOsun Babes\u201c ekipai, v\u0117liau persik\u0117l\u0117 \u012f Kazachstan\u0105, kur atstovavo \u201eTomiris\u201c klubui, o 2023 m. persik\u0117l\u0117 \u012f Kazachstano \u010dempioni\u0173 \u0160ymkento \u201eBIIK\u201c gretas bei su ja dalyvavo UEFA moter\u0173 \u010cempioni\u0173 lygoje. Ji taip pat buvo kviesta \u012f Nigerijos nacionalines U-17 ir U-20 rinktines.<\/p>\n<p><img loading=\"lazy\" decoding=\"async\" class=\"alignnone wp-image-6727 size-full\" src=\"https:\/\/fkgintra.lt\/wp-content\/uploads\/2025\/02\/IMG_0751.jpeg\" alt=\"\" width=\"2048\" height=\"1365\" srcset=\"https:\/\/fkgintra.lt\/wp-content\/uploads\/2025\/02\/IMG_0751.jpeg 2048w, https:\/\/fkgintra.lt\/wp-content\/uploads\/2025\/02\/IMG_0751-300x200.jpeg 300w, https:\/\/fkgintra.lt\/wp-content\/uploads\/2025\/02\/IMG_0751-1024x683.jpeg 1024w, https:\/\/fkgintra.lt\/wp-content\/uploads\/2025\/02\/IMG_0751-768x512.jpeg 768w, https:\/\/fkgintra.lt\/wp-content\/uploads\/2025\/02\/IMG_0751-1536x1024.jpeg 1536w, https:\/\/fkgintra.lt\/wp-content\/uploads\/2025\/02\/IMG_0751-18x12.jpeg 18w, https:\/\/fkgintra.lt\/wp-content\/uploads\/2025\/02\/IMG_0751-1920x1280.jpeg 1920w, https:\/\/fkgintra.lt\/wp-content\/uploads\/2025\/02\/IMG_0751-180x120.jpeg 180w\" sizes=\"(max-width: 2048px) 100vw, 2048px\" \/>Gyn\u0117ja prisimena pra\u0117jusio sezono akistatas su \u201eGintra\u201c ir pabr\u0117\u017eia, kad jos buvo itin sunkios. \u201eBus \u012fdomu b\u016bsimame sezone aik\u0161t\u0117je sutikti buvusias komandos drauges b\u016bnant kitoje barikad\u0173 pus\u0117je. Favori\u010di\u0173 status\u0105 ginti sunku, bet tikiu, kad mes tai padarysime.\u201c, \u2013 prid\u016br\u0117 futbolinink\u0117.<\/p>\n<p>\u201eGintros\u201c direktorius Mantas Radavi\u010dius d\u017eiaug\u0117si komandos papildymu: \u201eIdowu paliko neblog\u0105 \u012fsp\u016bd\u012f pra\u0117jus\u012f sezon\u0105 rungtyniaudama m\u016bs\u0173 var\u017eovi\u0173 gretose, pasirengimo ciklo metu ji \u012ftikino, kad yra verta likti geltonai juod\u0173 gretose, tad tikime, kad jos patirtis ir kovingumas sustiprins m\u016bs\u0173 gynyb\u0105. M\u016bs\u0173 tikslas i\u0161lieka tas pats \u2013 t\u0119sti \u0161alies \u010dempioni\u0173 serij\u0105, o taip pat susigr\u0105\u017einti Baltijos lygos titul\u0105 bei b\u016bti konkurencingiems tarptautin\u0117je arenoje.\u201c<\/p>\n<p>Pirmas oficialias rungtynes 2025 met\u0173 sezone Lietuvos \u010dempion\u0117s su\u017eais kovo 8 dien\u0105. Baltijos lygoje gintriet\u0117s sve\u010diuose sieks pergal\u0117s prie\u0161 ambicing\u0105 Rygos RFS ekip\u0105.\u00a0O kit\u0105 savait\u0119 \u012fvyks oficialus komandos pristatymo renginys.<\/p>\n<p>&nbsp;<\/p>\n<p><img loading=\"lazy\" decoding=\"async\" class=\"alignnone wp-image-6726 size-full\" src=\"https:\/\/fkgintra.lt\/wp-content\/uploads\/2025\/02\/Kuku-post.png\" alt=\"\" width=\"1080\" height=\"1350\" srcset=\"https:\/\/fkgintra.lt\/wp-content\/uploads\/2025\/02\/Kuku-post.png 1080w, https:\/\/fkgintra.lt\/wp-content\/uploads\/2025\/02\/Kuku-post-240x300.png 240w, https:\/\/fkgintra.lt\/wp-content\/uploads\/2025\/02\/Kuku-post-819x1024.png 819w, https:\/\/fkgintra.lt\/wp-content\/uploads\/2025\/02\/Kuku-post-768x960.png 768w, https:\/\/fkgintra.lt\/wp-content\/uploads\/2025\/02\/Kuku-post-10x12.png 10w, https:\/\/fkgintra.lt\/wp-content\/uploads\/2025\/02\/Kuku-post-180x225.png 180w\" sizes=\"(max-width: 1080px) 100vw, 1080px\" \/><\/p>","protected":false},"excerpt":{"rendered":"<p>\u201eGintros\u201c komanda toliau stiprina sud\u0117t\u012f prie\u0161 art\u0117jant\u012f sezon\u0105 \u2013 ekip\u0105 papild\u0117 20-met\u0117 gyn\u0117ja i\u0161 Nigerijos Idowu Kuku. Futbolinink\u0117 Lietuvos moter\u0173 futbolo gerb\u0117jams jau pa\u017e\u012fstama \u2013 pra\u0117jus\u012f sezon\u0105 ji gyn\u0117 Vilniaus MFA \u201e\u017dalgirio-MRU\u201c garb\u0119. Naujok\u0117 vilk\u0117s 51-uoju numeriu pa\u017eym\u0117tus \u010dempioni\u0173 mar\u0161kin\u0117lius. \u201ePrisijungti prie \u201eGintros\u201c \u2013 tai didelis i\u0161\u0161\u016bkis ir reik\u0161mingas \u017eingsnis mano karjeroje. Noriu pasiimti visk\u0105 [&hellip;]<\/p>","protected":false},"author":3,"featured_media":6725,"comment_status":"closed","ping_status":"open","sticky":false,"template":"","format":"standard","meta":{"footnotes":""},"categories":[1],"tags":[],"_links":{"self":[{"href":"https:\/\/fkgintra.lt\/en\/wp-json\/wp\/v2\/posts\/6724"}],"collection":[{"href":"https:\/\/fkgintra.lt\/en\/wp-json\/wp\/v2\/posts"}],"about":[{"href":"https:\/\/fkgintra.lt\/en\/wp-json\/wp\/v2\/types\/post"}],"author":[{"embeddable":true,"href":"https:\/\/fkgintra.lt\/en\/wp-json\/wp\/v2\/users\/3"}],"replies":[{"embeddable":true,"href":"https:\/\/fkgintra.lt\/en\/wp-json\/wp\/v2\/comments?post=6724"}],"version-history":[{"count":4,"href":"https:\/\/fkgintra.lt\/en\/wp-json\/wp\/v2\/posts\/6724\/revisions"}],"predecessor-version":[{"id":6733,"href":"https:\/\/fkgintra.lt\/en\/wp-json\/wp\/v2\/posts\/6724\/revisions\/6733"}],"wp:featuredmedia":[{"embeddable":true,"href":"https:\/\/fkgintra.lt\/en\/wp-json\/wp\/v2\/media\/6725"}],"wp:attachment":[{"href":"https:\/\/fkgintra.lt\/en\/wp-json\/wp\/v2\/media?parent=6724"}],"wp:term":[{"taxonomy":"category","embeddable":true,"href":"https:\/\/fkgintra.lt\/en\/wp-json\/wp\/v2\/categories?post=6724"},{"taxonomy":"post_tag","embeddable":true,"href":"https:\/\/fkgintra.lt\/en\/wp-json\/wp\/v2\/tags?post=6724"}],"curies":[{"name":"wp","href":"https:\/\/api.w.org\/{rel}","templated":true}]}}