{"id":6730,"date":"2025-03-04T09:31:49","date_gmt":"2025-03-04T09:31:49","guid":{"rendered":"https:\/\/fkgintra.lt\/?p=6730"},"modified":"2025-03-04T09:31:49","modified_gmt":"2025-03-04T09:31:49","slug":"sezono-starta-pasitinkantis-naujasis-gintros-strategas-musu-laukia-rimti-issukiai-ir-dideli-tikslai","status":"publish","type":"post","link":"https:\/\/fkgintra.lt\/en\/sezono-starta-pasitinkantis-naujasis-gintros-strategas-musu-laukia-rimti-issukiai-ir-dideli-tikslai\/","title":{"rendered":"Sezono start\u0105 pasitinkantis naujasis \u201eGintros\u201c strategas: \u201eM\u016bs\u0173 laukia rimti i\u0161\u0161\u016bkiai ir dideli tikslai\u201c"},"content":{"rendered":"<p data-pm-slice=\"1 1 []\">2025 met\u0173 Lietuvos moter\u0173 futbolo sezonas jau visai \u010dia pat, o titul\u0105 ginsianti \u0160iauli\u0173 \u201eGintra\u201c ruo\u0161iasi ambicingiems i\u0161\u0161\u016bkiams su naujuoju komandos vairininku i\u0161 Anglijos Steve&#8217;u Beeks&#8217;u. Vienas pagrindini\u0173 Lietuvos \u010dempioni\u0173 u\u017edavini\u0173 \u2013 i\u0161saugoti sud\u0117ties branduol\u012f, buvo \u012fgyvendintas, o pasipild\u017eius ekip\u0105 keletu naujoki\u0173, \u201eGintra\u201c pasitinka sezon\u0105 su pozityviomis nuotaikomis.<\/p>\n<p>Suom\u012f Olipekka Ojala vyriausiojo trenerio k\u0117d\u0117je po 2024 met\u0173 sezono pakeit\u0119s britas S. Beeksas su komanda dirba tre\u010di\u0105 m\u0117nes\u012f bei jau sp\u0117jo apsiprasti prie \u0160iauli\u0173 miesto ir naujos futbolo aplinkos. Jo filosofija ai\u0161ki \u2013 nugal\u0117ti galima tik b\u016bnant efektyviems visose aik\u0161t\u0117s zonose, o nuoseklus darbas ir disciplina taps pagrindiniais rams\u010diais siekiant tiksl\u0173.<\/p>\n<p>Apie pasiruo\u0161im\u0105, i\u0161\u0161\u016bkius ir pirmuosius \u012fsp\u016bd\u017eius \u0160iauliuose kalbam\u0117s su vyriausiuoju komandos treneriu S. Beeksu.<\/p>\n<p><strong>\u2013 Treneri, naujas sezonas jau ant slenks\u010dio. Kaip vertinate komandos pasiruo\u0161im\u0105 iki \u0161iol? Kokius pagrindinius tikslus keliate art\u0117jan\u010diam sezonui?<\/strong><\/p>\n<p>\u2013 Pasiruo\u0161imas vyksta skland\u017eiai, jaunosios futbolinink\u0117s rodo didel\u012f nor\u0105 tobul\u0117ti, ir, manau, jos juda teisinga linkme. Situacij\u0105 \u0161iek tiek apsunkina kai kuri\u0173 \u017eaid\u0117j\u0173 v\u0117lesnis prisijungimas prie komandos, nes kai\u00a0 jos atvyko, Lietuvos rinktin\u0117s \u017eaid\u0117jos i\u0161vyko de\u0161im\u010diai dien\u0173, tod\u0117l pilna sud\u0117timi treniruo\u010di\u0173 tur\u0117jome nedaug. Vis d\u0117lto darbas ma\u017eesn\u0117se grup\u0117se leid\u017eia \u012fsigilinti \u012f detales ir i\u0161sigryninti svarbiausius aspektus.<\/p>\n<p>Pagrindiniai m\u016bs\u0173 tikslai \u2013 laim\u0117ti Lietuvos \u010dempionat\u0105, susigr\u0105\u017einti Baltijos lygos titul\u0105 ir \u012fveikti pirm\u0105j\u0105 UEFA \u010cempioni\u0173 lygos atrankos grup\u0119.<\/p>\n<p><strong>\u2013 Kovo 8-\u0105j\u0105 laukia pirmasis oficialus sezono ma\u010das prie\u0161 Rygos \u201eRFS\u201c klub\u0105 Baltijos lygoje. Kaip ruo\u0161iat\u0117s \u0161iam susitikimui? Ar jau turite informacijos apie var\u017eoves?<\/strong><\/p>\n<p>\u2013 Kol kas nema\u010diau j\u0173 \u017eaidimo, bet manau, kad jos yra pana\u0161ioje pasiruo\u0161imo stadijoje kaip ir mes. Ties\u0105 sakant, tai bus labai sunkus sezono atidarymas, o mes dar tikrai neb\u016bsime pasiek\u0119 optimalaus lygio. Ta\u010diau esu \u012fsitikin\u0119s, kad b\u016bsime konkurencingi ir pademonstruosime solid\u0173 \u017eaidim\u0105.<\/p>\n<p><strong>\u2013 \u0160i\u0105 \u017eiem\u0105 prie komandos prisijung\u0117 keletas nauj\u0173 \u017eaid\u0117j\u0173 i\u0161 skirting\u0173 \u0161ali\u0173. Kaip vyksta j\u0173 integracija \u012f komand\u0105? Koki\u0105 \u012fsp\u016bd\u012f jie paliko treniruot\u0117se?<\/strong><\/p>\n<p>\u2013 Naujosios \u017eaid\u0117jos demonstruoja profesional\u0173 po\u017ei\u016br\u012f \u012f darb\u0105, ir apskritai esu labai patenkintas tiek komandos sud\u0117timi, tiek m\u016bs\u0173 potencialu. Matau daug galimybi\u0173 augti ir gerinti \u017eaidim\u0105, tiesiog suprantu, kad tam prireiks laiko. Sezonas yra ilgas, bus visko, bet svarbiausia i\u0161likti susikoncentravus \u012f pagrindinius sezono tikslus.<\/p>\n<p><strong>\u2013 Kas jus labiausiai nustebino pasiruo\u0161imo cikle?<\/strong><\/p>\n<p>\u2013 Nenoriu b\u016bti negatyvus, bet turiu pripa\u017einti, kad mane kiek nemaloniai nustebino gana \u017eemas komandos fizinis aerobinis pasiruo\u0161imas. Jei norime s\u0117kmingai var\u017eytis UEFA \u010cempioni\u0173 lygos atrankoje, \u0161ioje vietoje tur\u0117sime gerokai padirb\u0117ti. Turime ma\u017edaug keturis ar penkis m\u0117nesius, kad pasiektum\u0117me kit\u0105 fizi\u0161kumo lyg\u012f.<\/p>\n<p><strong>\u2013 Koki\u0105 \u201eGintros\u201c komandos versij\u0105 nor\u0117tum\u0117te matyti \u0161iame sezone?<\/strong><\/p>\n<p>\u2013 Mano pagrindinis \u017eodis \u0161iam sezonui \u2013 \u201eefektyvumas\u201c. Noriu, kad tiek individualiai, tiek kaip komanda b\u016btume efektyv\u016bs kiekvienoje situacijoje \u2013 tiek puolime, tiek gynyboje. Tai bus m\u016bs\u0173 siekiamyb\u0117 viso sezono metu.<\/p>\n<p><strong>\u2013 Jau kelet\u0105 m\u0117nesi\u0173 gyvenate \u0160iauliuose. Kokie j\u016bs\u0173 pirmieji \u012fsp\u016bd\u017eiai apie miest\u0105, \u017emones ir futbolo kult\u016br\u0105 Lietuvoje? Galb\u016bt jau turite m\u0117gstam\u0173 viet\u0173?<\/strong><\/p>\n<p>\u2013 Man \u010dia tikrai patinka! Labiausiai m\u0117gstu diskgolfo aik\u0161tyn\u0105 \u2013 tiesa, \u010dia dar turiu gerokai patobul\u0117ti, nes mano vienuolikmetis s\u016bnus mane da\u017enai \u012fveikia (juokiasi). Tiesa, jis daug treniruojasi ir pernai dalyvavo pasaulio jauni\u0173 \u010dempionate JAV. Taip pat m\u0117gstu pasivaik\u0161\u010diojimus \u2013 miesto centrin\u0117 p\u0117s\u010di\u0173j\u0173 gatv\u0117 ir takas aplink e\u017eer\u0105 man paliko puik\u0173 \u012fsp\u016bd\u012f. \u0160iauli\u0173 miestas labai jaukus, a\u0161 ir mano \u0161eima \u010dia jau\u010diam\u0117s savi.<\/p>\n<p><strong>\u2013 Kokius pagrindinius i\u0161\u0161\u016bkius numatote \u0161iame sezone \u2013 tiek Lietuvos \u010dempionate, tiek tarptautin\u0117je arenoje?<\/strong><\/p>\n<p>\u2013 Visada tikiuosi, kad komanda, kuri\u0105 treniruoju tobul\u0117s viso sezono metu, o rezultatai nuosekliai ger\u0117s. M\u016bs\u0173 laukia \u012fdom\u016bs, rimti i\u0161\u0161\u016bkiai ir dideli tikslai tiek Lietuvoje, tiek tarptautin\u0117se var\u017eybose. Man, kaip treneriui, itin svarbu, kad kiekviena \u017eaid\u0117ja augt\u0173 ir tai atsispind\u0117t\u0173 komandos \u017eaidime. Did\u017eiausias i\u0161\u0161\u016bkis \u2013 i\u0161vengti traum\u0173 ir i\u0161laikyti auk\u0161t\u0105 fizinio pasirengimo lyg\u012f. Tai gali tur\u0117ti lemiamos \u012ftakos tam, kaip susiklostys sezonas.<\/p>\n<div>\n<hr \/>\n<\/div>\n<p>Pirmas oficialias rungtynes 2025 met\u0173 sezone Lietuvos \u010dempion\u0117s su\u017eais kovo 8 dien\u0105. Baltijos lygoje gintriet\u0117s sve\u010diuose sieks pergal\u0117s prie\u0161 ambicing\u0105 Rygos RFS ekip\u0105.<\/p>","protected":false},"excerpt":{"rendered":"<p>2025 met\u0173 Lietuvos moter\u0173 futbolo sezonas jau visai \u010dia pat, o titul\u0105 ginsianti \u0160iauli\u0173 \u201eGintra\u201c ruo\u0161iasi ambicingiems i\u0161\u0161\u016bkiams su naujuoju komandos vairininku i\u0161 Anglijos Steve&#8217;u Beeks&#8217;u. Vienas pagrindini\u0173 Lietuvos \u010dempioni\u0173 u\u017edavini\u0173 \u2013 i\u0161saugoti sud\u0117ties branduol\u012f, buvo \u012fgyvendintas, o pasipild\u017eius ekip\u0105 keletu naujoki\u0173, \u201eGintra\u201c pasitinka sezon\u0105 su pozityviomis nuotaikomis. Suom\u012f Olipekka Ojala vyriausiojo trenerio k\u0117d\u0117je po [&hellip;]<\/p>","protected":false},"author":3,"featured_media":6731,"comment_status":"closed","ping_status":"open","sticky":false,"template":"","format":"standard","meta":{"footnotes":""},"categories":[1],"tags":[],"_links":{"self":[{"href":"https:\/\/fkgintra.lt\/en\/wp-json\/wp\/v2\/posts\/6730"}],"collection":[{"href":"https:\/\/fkgintra.lt\/en\/wp-json\/wp\/v2\/posts"}],"about":[{"href":"https:\/\/fkgintra.lt\/en\/wp-json\/wp\/v2\/types\/post"}],"author":[{"embeddable":true,"href":"https:\/\/fkgintra.lt\/en\/wp-json\/wp\/v2\/users\/3"}],"replies":[{"embeddable":true,"href":"https:\/\/fkgintra.lt\/en\/wp-json\/wp\/v2\/comments?post=6730"}],"version-history":[{"count":1,"href":"https:\/\/fkgintra.lt\/en\/wp-json\/wp\/v2\/posts\/6730\/revisions"}],"predecessor-version":[{"id":6736,"href":"https:\/\/fkgintra.lt\/en\/wp-json\/wp\/v2\/posts\/6730\/revisions\/6736"}],"wp:featuredmedia":[{"embeddable":true,"href":"https:\/\/fkgintra.lt\/en\/wp-json\/wp\/v2\/media\/6731"}],"wp:attachment":[{"href":"https:\/\/fkgintra.lt\/en\/wp-json\/wp\/v2\/media?parent=6730"}],"wp:term":[{"taxonomy":"category","embeddable":true,"href":"https:\/\/fkgintra.lt\/en\/wp-json\/wp\/v2\/categories?post=6730"},{"taxonomy":"post_tag","embeddable":true,"href":"https:\/\/fkgintra.lt\/en\/wp-json\/wp\/v2\/tags?post=6730"}],"curies":[{"name":"wp","href":"https:\/\/api.w.org\/{rel}","templated":true}]}}