{"id":6746,"date":"2025-03-05T17:45:30","date_gmt":"2025-03-05T17:45:30","guid":{"rendered":"https:\/\/fkgintra.lt\/?p=6746"},"modified":"2025-03-05T17:45:53","modified_gmt":"2025-03-05T17:45:53","slug":"unikalioje-gubernija-hub-erdveje-pristatyta-naujaji-sezona-pasitinkancios-gintros-komandos-sudetis","status":"publish","type":"post","link":"https:\/\/fkgintra.lt\/en\/unikalioje-gubernija-hub-erdveje-pristatyta-naujaji-sezona-pasitinkancios-gintros-komandos-sudetis\/","title":{"rendered":"Unikalioje \u201eGubernija HUB\u201c erdv\u0117je pristatyta nauj\u0105j\u012f sezon\u0105 pasitinkan\u010dios \u201eGintros\u201c komandos sud\u0117tis"},"content":{"rendered":"<p data-pm-slice=\"1 1 []\">2025 m. sezono Lietuvos \u010dempioni\u0173, \u0160iauli\u0173 \u201eGintros\u201c komandos pristatymas antradienio vakar\u0105 \u012fvyko unikaliajame partnerio \u201eGubernija HUB\u201c \u00a0lankytoj\u0173 centre. Tai buvo ypatinga proga ne tik sutikti komand\u0105 prie\u0161 nauj\u0105 kov\u0173 etap\u0105, bet ir pasidalyti l\u016bkes\u010diais bei palink\u0117jimais art\u0117jan\u010diam sezonui.<\/p>\n<p>Renginio metu komandos tikslus b\u016bsimam sezonui pristat\u0119s klubo prezidentas Gintaras Radavi\u010dius pabr\u0117\u017e\u0117, kad \u0161is sezonas \u2013 tai dar viena galimyb\u0117 priimti naujus i\u0161\u0161\u016bkius bei siekti auk\u0161\u010diausi\u0173 rezultat\u0173 ne tik \u0161alies pirmenyb\u0117se, bet ir tarptautin\u0117se arenose, kur numatoma bus dar daugiau rungtyni\u0173, kadangi nuo \u0161io sezono startuoja ir antra pagal paj\u0117gum\u0105 Europos moter\u0173 futbolo lyga. Jis taip pat akcentavo, kad \u201eGintrai\u201c A lygos titulas niekada n\u0117ra garantuotas \u2013 j\u012f kasmet reikia u\u017esitarnauti sunkiu darbu aik\u0161t\u0117je.<\/p>\n<p>Komandos pristatymo metu skamb\u0117jo daugyb\u0117 sveikinim\u0173 ir link\u0117jim\u0173 s\u0117kmingam sezonui. \u0160iauli\u0173 miesto savivaldyb\u0117s administracijos direktorius Antanas Bartulis, Lietuvos Respublikos Seimo narys Domas Gri\u0161kevi\u010dius bei \u0160iauli\u0173 miesto savivaldyb\u0117s tarybos nar\u0117 bei aktyvi komandos aistruol\u0117 Asta Lesauskien\u0117 link\u0117jo komandai s\u0117km\u0117s \u012fgyvendinant i\u0161sikeltus tikslus bei garsinant \u0160iauli\u0173 vard\u0105 ne tik Lietuvoje, bet ir u\u017e jos rib\u0173.<\/p>\n<p>Lietuvos moter\u0173 futbolo asociacijos prezidentas Art\u016bras Krukis bei \u0160iauli\u0173 apskrities futbolo federacijos vadovas Gintautas Mirauskas palink\u0117jo komandai sezono be traum\u0173 bei dr\u0105siai ir su i\u0161kelta galva pasitikti ambicingus i\u0161\u0161\u016bkius Europoje. Palankaus v\u0117jo ir sportinio u\u017esispyrimo link\u0117jo ir klubo r\u0117m\u0117jai bei partneriai, pabr\u0117\u017edami, kad j\u0173 parama ir tik\u0117jimas komanda i\u0161lieka tvirti.<\/p>\n<p>Tradicine dalimi tapusi mar\u0161kin\u0117li\u0173 \u012fteikimo ceremonija vainikavo vakaro program\u0105, kurioje netr\u016bko ir smagi\u0173 intarp\u0173. Visos pristatytos \u017eaid\u0117jos sulauk\u0117 \u0161maik\u0161\u010di\u0173 klausim\u0173 apie kitas komandos drauges bei tur\u0117jo pasirinkti kuri\u0105 si\u0173st\u0173 \u012f Eurovizij\u0105, kuriai skirt\u0173 geriausios \u0161ok\u0117jos apdovanojim\u0105, o kuriai patik\u0117t\u0173 lemiam\u0105 11 metr\u0173 baudin\u012f UEFA \u010cempioni\u0173 lygos finale.<\/p>\n<p>Art\u0117jant sezono prad\u017eiai komandoje juntama ne tik atsakomyb\u0117, bet ir vienyb\u0117s dvasia. \u201e\u0160is sezonas \u2013 tai dar viena galimyb\u0117 parodyti m\u016bs\u0173 ry\u017et\u0105 ir ambicijas. Esame pasirengusios kovoti d\u0117l kiekvienos pergal\u0117s ir d\u017eiaugtis kiekviena akimirka aik\u0161t\u0117je\u201c, \u2013 pabr\u0117\u017e\u0117 komandos kapiton\u0117 Algimant\u0117 Mikutait\u0117.<\/p>\n<p>Jau \u0161\u012f \u0161e\u0161tadien\u012f \u0160iauli\u0173 \u201eGintros\u201c futbolinink\u0117s su\u017eais pirmas oficialias rungtynes 2025 met\u0173 sezone. Baltijos lygoje gintriet\u0117s sve\u010diuose sieks pergal\u0117s prie\u0161 Rygos RFS ekip\u0105.<\/p>\n<p><img loading=\"lazy\" decoding=\"async\" class=\"alignnone wp-image-6749 size-full\" src=\"https:\/\/fkgintra.lt\/wp-content\/uploads\/2025\/03\/2.jpg\" alt=\"\" width=\"2048\" height=\"1463\" srcset=\"https:\/\/fkgintra.lt\/wp-content\/uploads\/2025\/03\/2.jpg 2048w, https:\/\/fkgintra.lt\/wp-content\/uploads\/2025\/03\/2-300x214.jpg 300w, https:\/\/fkgintra.lt\/wp-content\/uploads\/2025\/03\/2-1024x732.jpg 1024w, https:\/\/fkgintra.lt\/wp-content\/uploads\/2025\/03\/2-768x549.jpg 768w, https:\/\/fkgintra.lt\/wp-content\/uploads\/2025\/03\/2-1536x1097.jpg 1536w, https:\/\/fkgintra.lt\/wp-content\/uploads\/2025\/03\/2-18x12.jpg 18w, https:\/\/fkgintra.lt\/wp-content\/uploads\/2025\/03\/2-1920x1372.jpg 1920w, https:\/\/fkgintra.lt\/wp-content\/uploads\/2025\/03\/2-180x129.jpg 180w\" sizes=\"(max-width: 2048px) 100vw, 2048px\" \/><br \/>\n<img loading=\"lazy\" decoding=\"async\" class=\"alignnone wp-image-6750 size-full\" src=\"https:\/\/fkgintra.lt\/wp-content\/uploads\/2025\/03\/3-1.jpg\" alt=\"\" width=\"2048\" height=\"1463\" srcset=\"https:\/\/fkgintra.lt\/wp-content\/uploads\/2025\/03\/3-1.jpg 2048w, https:\/\/fkgintra.lt\/wp-content\/uploads\/2025\/03\/3-1-300x214.jpg 300w, https:\/\/fkgintra.lt\/wp-content\/uploads\/2025\/03\/3-1-1024x732.jpg 1024w, https:\/\/fkgintra.lt\/wp-content\/uploads\/2025\/03\/3-1-768x549.jpg 768w, https:\/\/fkgintra.lt\/wp-content\/uploads\/2025\/03\/3-1-1536x1097.jpg 1536w, https:\/\/fkgintra.lt\/wp-content\/uploads\/2025\/03\/3-1-18x12.jpg 18w, https:\/\/fkgintra.lt\/wp-content\/uploads\/2025\/03\/3-1-1920x1372.jpg 1920w, https:\/\/fkgintra.lt\/wp-content\/uploads\/2025\/03\/3-1-180x129.jpg 180w\" sizes=\"(max-width: 2048px) 100vw, 2048px\" \/><br \/>\n<img loading=\"lazy\" decoding=\"async\" class=\"alignnone wp-image-6751 size-full\" src=\"https:\/\/fkgintra.lt\/wp-content\/uploads\/2025\/03\/7.jpg\" alt=\"\" width=\"2048\" height=\"1463\" srcset=\"https:\/\/fkgintra.lt\/wp-content\/uploads\/2025\/03\/7.jpg 2048w, https:\/\/fkgintra.lt\/wp-content\/uploads\/2025\/03\/7-300x214.jpg 300w, https:\/\/fkgintra.lt\/wp-content\/uploads\/2025\/03\/7-1024x732.jpg 1024w, https:\/\/fkgintra.lt\/wp-content\/uploads\/2025\/03\/7-768x549.jpg 768w, https:\/\/fkgintra.lt\/wp-content\/uploads\/2025\/03\/7-1536x1097.jpg 1536w, https:\/\/fkgintra.lt\/wp-content\/uploads\/2025\/03\/7-18x12.jpg 18w, https:\/\/fkgintra.lt\/wp-content\/uploads\/2025\/03\/7-1920x1372.jpg 1920w, https:\/\/fkgintra.lt\/wp-content\/uploads\/2025\/03\/7-180x129.jpg 180w\" sizes=\"(max-width: 2048px) 100vw, 2048px\" \/><br \/>\n<img loading=\"lazy\" decoding=\"async\" class=\"alignnone wp-image-6752 size-full\" src=\"https:\/\/fkgintra.lt\/wp-content\/uploads\/2025\/03\/5.jpg\" alt=\"\" width=\"2048\" height=\"1365\" srcset=\"https:\/\/fkgintra.lt\/wp-content\/uploads\/2025\/03\/5.jpg 2048w, https:\/\/fkgintra.lt\/wp-content\/uploads\/2025\/03\/5-300x200.jpg 300w, https:\/\/fkgintra.lt\/wp-content\/uploads\/2025\/03\/5-1024x683.jpg 1024w, https:\/\/fkgintra.lt\/wp-content\/uploads\/2025\/03\/5-768x512.jpg 768w, https:\/\/fkgintra.lt\/wp-content\/uploads\/2025\/03\/5-1536x1024.jpg 1536w, https:\/\/fkgintra.lt\/wp-content\/uploads\/2025\/03\/5-18x12.jpg 18w, https:\/\/fkgintra.lt\/wp-content\/uploads\/2025\/03\/5-1920x1280.jpg 1920w, https:\/\/fkgintra.lt\/wp-content\/uploads\/2025\/03\/5-180x120.jpg 180w\" sizes=\"(max-width: 2048px) 100vw, 2048px\" \/><br \/>\n<img loading=\"lazy\" decoding=\"async\" class=\"alignnone wp-image-6753 size-full\" src=\"https:\/\/fkgintra.lt\/wp-content\/uploads\/2025\/03\/11.jpg\" alt=\"\" width=\"2048\" height=\"1463\" srcset=\"https:\/\/fkgintra.lt\/wp-content\/uploads\/2025\/03\/11.jpg 2048w, https:\/\/fkgintra.lt\/wp-content\/uploads\/2025\/03\/11-300x214.jpg 300w, https:\/\/fkgintra.lt\/wp-content\/uploads\/2025\/03\/11-1024x732.jpg 1024w, https:\/\/fkgintra.lt\/wp-content\/uploads\/2025\/03\/11-768x549.jpg 768w, https:\/\/fkgintra.lt\/wp-content\/uploads\/2025\/03\/11-1536x1097.jpg 1536w, https:\/\/fkgintra.lt\/wp-content\/uploads\/2025\/03\/11-18x12.jpg 18w, https:\/\/fkgintra.lt\/wp-content\/uploads\/2025\/03\/11-1920x1372.jpg 1920w, https:\/\/fkgintra.lt\/wp-content\/uploads\/2025\/03\/11-180x129.jpg 180w\" sizes=\"(max-width: 2048px) 100vw, 2048px\" \/><br \/>\n<img loading=\"lazy\" decoding=\"async\" class=\"alignnone wp-image-6754 size-full\" src=\"https:\/\/fkgintra.lt\/wp-content\/uploads\/2025\/03\/9.jpg\" alt=\"\" width=\"2048\" height=\"1463\" srcset=\"https:\/\/fkgintra.lt\/wp-content\/uploads\/2025\/03\/9.jpg 2048w, https:\/\/fkgintra.lt\/wp-content\/uploads\/2025\/03\/9-300x214.jpg 300w, https:\/\/fkgintra.lt\/wp-content\/uploads\/2025\/03\/9-1024x732.jpg 1024w, https:\/\/fkgintra.lt\/wp-content\/uploads\/2025\/03\/9-768x549.jpg 768w, https:\/\/fkgintra.lt\/wp-content\/uploads\/2025\/03\/9-1536x1097.jpg 1536w, https:\/\/fkgintra.lt\/wp-content\/uploads\/2025\/03\/9-18x12.jpg 18w, https:\/\/fkgintra.lt\/wp-content\/uploads\/2025\/03\/9-1920x1372.jpg 1920w, https:\/\/fkgintra.lt\/wp-content\/uploads\/2025\/03\/9-180x129.jpg 180w\" sizes=\"(max-width: 2048px) 100vw, 2048px\" \/><br \/>\n<img loading=\"lazy\" decoding=\"async\" class=\"alignnone wp-image-6755 size-full\" src=\"https:\/\/fkgintra.lt\/wp-content\/uploads\/2025\/03\/13.jpg\" alt=\"\" width=\"2048\" height=\"1463\" srcset=\"https:\/\/fkgintra.lt\/wp-content\/uploads\/2025\/03\/13.jpg 2048w, https:\/\/fkgintra.lt\/wp-content\/uploads\/2025\/03\/13-300x214.jpg 300w, https:\/\/fkgintra.lt\/wp-content\/uploads\/2025\/03\/13-1024x732.jpg 1024w, https:\/\/fkgintra.lt\/wp-content\/uploads\/2025\/03\/13-768x549.jpg 768w, https:\/\/fkgintra.lt\/wp-content\/uploads\/2025\/03\/13-1536x1097.jpg 1536w, https:\/\/fkgintra.lt\/wp-content\/uploads\/2025\/03\/13-18x12.jpg 18w, https:\/\/fkgintra.lt\/wp-content\/uploads\/2025\/03\/13-1920x1372.jpg 1920w, https:\/\/fkgintra.lt\/wp-content\/uploads\/2025\/03\/13-180x129.jpg 180w\" sizes=\"(max-width: 2048px) 100vw, 2048px\" \/><br \/>\n<img loading=\"lazy\" decoding=\"async\" class=\"alignnone wp-image-6757 size-full\" src=\"https:\/\/fkgintra.lt\/wp-content\/uploads\/2025\/03\/15.jpg\" alt=\"\" width=\"2048\" height=\"1463\" srcset=\"https:\/\/fkgintra.lt\/wp-content\/uploads\/2025\/03\/15.jpg 2048w, https:\/\/fkgintra.lt\/wp-content\/uploads\/2025\/03\/15-300x214.jpg 300w, https:\/\/fkgintra.lt\/wp-content\/uploads\/2025\/03\/15-1024x732.jpg 1024w, https:\/\/fkgintra.lt\/wp-content\/uploads\/2025\/03\/15-768x549.jpg 768w, https:\/\/fkgintra.lt\/wp-content\/uploads\/2025\/03\/15-1536x1097.jpg 1536w, https:\/\/fkgintra.lt\/wp-content\/uploads\/2025\/03\/15-18x12.jpg 18w, https:\/\/fkgintra.lt\/wp-content\/uploads\/2025\/03\/15-1920x1372.jpg 1920w, https:\/\/fkgintra.lt\/wp-content\/uploads\/2025\/03\/15-180x129.jpg 180w\" sizes=\"(max-width: 2048px) 100vw, 2048px\" \/><br \/>\n<img loading=\"lazy\" decoding=\"async\" class=\"alignnone wp-image-6758 size-full\" src=\"https:\/\/fkgintra.lt\/wp-content\/uploads\/2025\/03\/17.jpg\" alt=\"\" width=\"2048\" height=\"1463\" srcset=\"https:\/\/fkgintra.lt\/wp-content\/uploads\/2025\/03\/17.jpg 2048w, https:\/\/fkgintra.lt\/wp-content\/uploads\/2025\/03\/17-300x214.jpg 300w, https:\/\/fkgintra.lt\/wp-content\/uploads\/2025\/03\/17-1024x732.jpg 1024w, https:\/\/fkgintra.lt\/wp-content\/uploads\/2025\/03\/17-768x549.jpg 768w, https:\/\/fkgintra.lt\/wp-content\/uploads\/2025\/03\/17-1536x1097.jpg 1536w, https:\/\/fkgintra.lt\/wp-content\/uploads\/2025\/03\/17-18x12.jpg 18w, https:\/\/fkgintra.lt\/wp-content\/uploads\/2025\/03\/17-1920x1372.jpg 1920w, https:\/\/fkgintra.lt\/wp-content\/uploads\/2025\/03\/17-180x129.jpg 180w\" sizes=\"(max-width: 2048px) 100vw, 2048px\" \/><\/p>","protected":false},"excerpt":{"rendered":"<p>2025 m. sezono Lietuvos \u010dempioni\u0173, \u0160iauli\u0173 \u201eGintros\u201c komandos pristatymas antradienio vakar\u0105 \u012fvyko unikaliajame partnerio \u201eGubernija HUB\u201c \u00a0lankytoj\u0173 centre. Tai buvo ypatinga proga ne tik sutikti komand\u0105 prie\u0161 nauj\u0105 kov\u0173 etap\u0105, bet ir pasidalyti l\u016bkes\u010diais bei palink\u0117jimais art\u0117jan\u010diam sezonui. Renginio metu komandos tikslus b\u016bsimam sezonui pristat\u0119s klubo prezidentas Gintaras Radavi\u010dius pabr\u0117\u017e\u0117, kad \u0161is sezonas \u2013 tai [&hellip;]<\/p>","protected":false},"author":3,"featured_media":6748,"comment_status":"closed","ping_status":"open","sticky":false,"template":"","format":"standard","meta":{"footnotes":""},"categories":[1],"tags":[],"_links":{"self":[{"href":"https:\/\/fkgintra.lt\/en\/wp-json\/wp\/v2\/posts\/6746"}],"collection":[{"href":"https:\/\/fkgintra.lt\/en\/wp-json\/wp\/v2\/posts"}],"about":[{"href":"https:\/\/fkgintra.lt\/en\/wp-json\/wp\/v2\/types\/post"}],"author":[{"embeddable":true,"href":"https:\/\/fkgintra.lt\/en\/wp-json\/wp\/v2\/users\/3"}],"replies":[{"embeddable":true,"href":"https:\/\/fkgintra.lt\/en\/wp-json\/wp\/v2\/comments?post=6746"}],"version-history":[{"count":2,"href":"https:\/\/fkgintra.lt\/en\/wp-json\/wp\/v2\/posts\/6746\/revisions"}],"predecessor-version":[{"id":6760,"href":"https:\/\/fkgintra.lt\/en\/wp-json\/wp\/v2\/posts\/6746\/revisions\/6760"}],"wp:featuredmedia":[{"embeddable":true,"href":"https:\/\/fkgintra.lt\/en\/wp-json\/wp\/v2\/media\/6748"}],"wp:attachment":[{"href":"https:\/\/fkgintra.lt\/en\/wp-json\/wp\/v2\/media?parent=6746"}],"wp:term":[{"taxonomy":"category","embeddable":true,"href":"https:\/\/fkgintra.lt\/en\/wp-json\/wp\/v2\/categories?post=6746"},{"taxonomy":"post_tag","embeddable":true,"href":"https:\/\/fkgintra.lt\/en\/wp-json\/wp\/v2\/tags?post=6746"}],"curies":[{"name":"wp","href":"https:\/\/api.w.org\/{rel}","templated":true}]}}