{"id":6764,"date":"2025-03-06T11:26:40","date_gmt":"2025-03-06T11:26:40","guid":{"rendered":"https:\/\/fkgintra.lt\/?p=6764"},"modified":"2025-03-06T11:27:55","modified_gmt":"2025-03-06T11:27:55","slug":"gintros-ivarciu-masina-planuoja-tapti-atletiska-puoleja-is-nigerijos","status":"publish","type":"post","link":"https:\/\/fkgintra.lt\/en\/gintros-ivarciu-masina-planuoja-tapti-atletiska-puoleja-is-nigerijos\/","title":{"rendered":"\u201eGintr\u0105\u201c papild\u0117 \u012fvar\u010di\u0173 ma\u0161ina planuojanti tapti atleti\u0161ka puol\u0117ja i\u0161 Nigerijos"},"content":{"rendered":"<p data-start=\"73\" data-end=\"421\">Komandos sud\u0117t\u012f r\u0117m\u0117jams, partneriams bei \u017einiasklaidos atstovams antradien\u012f prista\u010diusi \u0160iauli\u0173 \u201eGintros\u201c komanda t\u0119sia pasiruo\u0161im\u0105 naujajam sezonui bei oficialiai pristato dar vien\u0105 naujok\u0119 \u2013 prie ekipos prisijung\u0117 21-eri\u0173 met\u0173 puol\u0117ja i\u0161 Nigerijos Victoria Igbonoba.<\/p>\n<p data-start=\"73\" data-end=\"421\">Auk\u0161ta, atleti\u0161ko sud\u0117jimo ir grei\u010diu pasi\u017eyminti futbolinink\u0117 atvyko su ambicingu tikslu \u2013 tapti rezultatyviausia komandos \u017eaid\u0117ja ir savo \u012fvar\u010diais vesti ekip\u0105 \u012f pergales. V. Igbonoba vilk\u0117s 41-uoju numeriu pa\u017eym\u0117tus geltonai juodus mar\u0161kin\u0117lius.<\/p>\n<p data-start=\"452\" data-end=\"901\">Victoria futbolo kelion\u0119 prad\u0117jo savo gimtajame Ikorodu mieste, Lagoso valstijoje, Nigerijoje. Anksti pasteb\u0117tas talentas leido jai \u017eengti profesionalaus futbolo keliu ir sukaupti tarptautin\u0119 patirt\u012f b\u016bnant dar jauno am\u017eiaus. Iki atvykstant \u012f Lietuv\u0105 puol\u0117ja rungtyniavo \u012fvairiose \u0161alyse \u2013 ji \u017eaid\u0117 Benine, atstovavo Kazachstano ekipoms \u201eBIIK-Kazygurt\u201c ir \u201eOrdabasy FC\u201c, o pastaruoju metu gyn\u0117 \u201eDudullu Spor\u201c klubo garb\u0119 Turkijoje.<\/p>\n<p data-start=\"903\" data-end=\"1334\"><img loading=\"lazy\" decoding=\"async\" class=\"alignnone wp-image-6766 size-full\" src=\"https:\/\/fkgintra.lt\/wp-content\/uploads\/2025\/03\/IMG_2407.webp\" alt=\"\" width=\"1170\" height=\"779\" srcset=\"https:\/\/fkgintra.lt\/wp-content\/uploads\/2025\/03\/IMG_2407.webp 1170w, https:\/\/fkgintra.lt\/wp-content\/uploads\/2025\/03\/IMG_2407-300x200.webp 300w, https:\/\/fkgintra.lt\/wp-content\/uploads\/2025\/03\/IMG_2407-1024x682.webp 1024w, https:\/\/fkgintra.lt\/wp-content\/uploads\/2025\/03\/IMG_2407-768x511.webp 768w, https:\/\/fkgintra.lt\/wp-content\/uploads\/2025\/03\/IMG_2407-18x12.webp 18w, https:\/\/fkgintra.lt\/wp-content\/uploads\/2025\/03\/IMG_2407-180x120.webp 180w\" sizes=\"(max-width: 1170px) 100vw, 1170px\" \/>\u201eD\u017eiaugiuosi gal\u0117dama prisijungti prie \u201eGintros\u201c \u2013 komandos, kuri jau daugel\u012f met\u0173 dominuoja Lietuvos moter\u0173 futbolo \u017eem\u0117lapyje bei dalyvauja auk\u0161\u010diausio lygio tarptautiniame turnyre UEFA moter\u0173 \u010cempioni\u0173 lygoje. \u0160is klubas turi \u010dempioni\u0161kas tradicijas, o mane \u012fkv\u0117p\u0117 jo siekis tobul\u0117ti bei kartu skatinti ir mano asmenin\u012f augim\u0105. Esu puol\u0117ja, m\u0117gstanti mu\u0161ti \u012fvar\u010dius. Galiu \u017eaisti bet kurioje atakos grandies pozicijoje, ta\u010diau geriausiai jau\u010diuosi kaip centro puol\u0117ja\u201c, \u2013 apie savo stiprybes kalb\u0117jo naujoji \u201eGintros\u201c nar\u0117.<\/p>\n<p data-start=\"1377\" data-end=\"1649\">Atleti\u0161kumu, grei\u010diu ir kovingumu i\u0161siskirianti Victoria neslepia savo sieki\u0173 \u2013 ji nori b\u016bti pagrindin\u0117 komandos puolimo varomoji j\u0117ga. Jos tikslas \u2013 tapti rezultatyviausia \u017eaid\u0117ja ir pad\u0117ti \u201eGintrai\u201c siekti pergali\u0173 tiek Lietuvos \u010dempionate, tiek tarptautin\u0117je arenoje.<\/p>\n<p data-start=\"1651\" data-end=\"1842\">\u201eMano stipryb\u0117s \u2013 j\u0117ga, greitis ir aistra mu\u0161ti \u012fvar\u010dius. Atvykau \u010dia su ai\u0161kiu tikslu \u2013 b\u016bti komandos puolimo lydere ir pad\u0117ti i\u0161kovoti dar daugiau titul\u0173\u201c, \u2013 ry\u017etingai teig\u0117 futbolinink\u0117.<\/p>\n<p data-start=\"1904\" data-end=\"2126\">Nors \u0160iauliuose ji dar tik \u017eengia pirmuosius \u017eingsnius, Victoria d\u017eiaugiasi \u010dia sutikta \u0161iluma ir svetingumu: \u201eMieste jau\u010diuosi labai gerai \u2013 \u017emon\u0117s yra draugi\u0161ki ir paslaug\u016bs. Tikiu, kad \u010dia man\u0119s laukia puikus sezonas.\u201c<\/p>\n<p data-start=\"2323\" data-end=\"2500\">Klubo direktorius Mantas Radavi\u010dius sveikino prie ekipos prisijungusi\u0105 naujok\u0119, kuri sustiprins puolimo grand\u012f bei \u012fne\u0161 nauj\u0173 spalv\u0173 \u012f komandos \u017eaidim\u0105:<\/p>\n<p data-start=\"2502\" data-end=\"2824\">\u201eVictoria yra jauna, ambicinga ir motyvuota futbolinink\u0117 su tvirtais fiziniais duomenimis. Tikime, kad jos greitis ir atleti\u0161kumas suteiks komandai papildomos j\u0117gos atakoje. Jos noras tobul\u0117ti ir siekti auk\u0161\u010diausi\u0173 tiksl\u0173 puikiai dera su m\u016bs\u0173 klubo filosofija. Laukiame, kada ji gal\u0117s pademonstruoti savo galimybes aik\u0161t\u0117je\u201c, \u2013 teig\u0117 klubo vadovas.<\/p>\n<p data-start=\"2308\" data-end=\"2651\">Oficialiose rungtyn\u0117se V. Igbonoba tur\u0117s \u0161ans\u0105 debiutuoti jau \u0161\u012f \u0161e\u0161tadien\u012f, kai \u0160iauli\u0173 \u201eGintros\u201c futbolinink\u0117s su\u017eais pirmas oficialias rungtynes 2025 met\u0173 sezone. Baltijos lygoje gintriet\u0117s sve\u010diuose sieks pergal\u0117s prie\u0161 Rygos RFS ekip\u0105.<\/p>\n<p data-start=\"2308\" data-end=\"2651\"><img loading=\"lazy\" decoding=\"async\" class=\"alignnone wp-image-6767 size-full\" src=\"https:\/\/fkgintra.lt\/wp-content\/uploads\/2025\/03\/igbonoba-post.png\" alt=\"\" width=\"1080\" height=\"1350\" srcset=\"https:\/\/fkgintra.lt\/wp-content\/uploads\/2025\/03\/igbonoba-post.png 1080w, https:\/\/fkgintra.lt\/wp-content\/uploads\/2025\/03\/igbonoba-post-240x300.png 240w, https:\/\/fkgintra.lt\/wp-content\/uploads\/2025\/03\/igbonoba-post-819x1024.png 819w, https:\/\/fkgintra.lt\/wp-content\/uploads\/2025\/03\/igbonoba-post-768x960.png 768w, https:\/\/fkgintra.lt\/wp-content\/uploads\/2025\/03\/igbonoba-post-10x12.png 10w, https:\/\/fkgintra.lt\/wp-content\/uploads\/2025\/03\/igbonoba-post-180x225.png 180w\" sizes=\"(max-width: 1080px) 100vw, 1080px\" \/><\/p>","protected":false},"excerpt":{"rendered":"<p>Komandos sud\u0117t\u012f r\u0117m\u0117jams, partneriams bei \u017einiasklaidos atstovams antradien\u012f prista\u010diusi \u0160iauli\u0173 \u201eGintros\u201c komanda t\u0119sia pasiruo\u0161im\u0105 naujajam sezonui bei oficialiai pristato dar vien\u0105 naujok\u0119 \u2013 prie ekipos prisijung\u0117 21-eri\u0173 met\u0173 puol\u0117ja i\u0161 Nigerijos Victoria Igbonoba. Auk\u0161ta, atleti\u0161ko sud\u0117jimo ir grei\u010diu pasi\u017eyminti futbolinink\u0117 atvyko su ambicingu tikslu \u2013 tapti rezultatyviausia komandos \u017eaid\u0117ja ir savo \u012fvar\u010diais vesti ekip\u0105 \u012f [&hellip;]<\/p>","protected":false},"author":3,"featured_media":6765,"comment_status":"closed","ping_status":"open","sticky":false,"template":"","format":"standard","meta":{"footnotes":""},"categories":[1],"tags":[],"_links":{"self":[{"href":"https:\/\/fkgintra.lt\/en\/wp-json\/wp\/v2\/posts\/6764"}],"collection":[{"href":"https:\/\/fkgintra.lt\/en\/wp-json\/wp\/v2\/posts"}],"about":[{"href":"https:\/\/fkgintra.lt\/en\/wp-json\/wp\/v2\/types\/post"}],"author":[{"embeddable":true,"href":"https:\/\/fkgintra.lt\/en\/wp-json\/wp\/v2\/users\/3"}],"replies":[{"embeddable":true,"href":"https:\/\/fkgintra.lt\/en\/wp-json\/wp\/v2\/comments?post=6764"}],"version-history":[{"count":2,"href":"https:\/\/fkgintra.lt\/en\/wp-json\/wp\/v2\/posts\/6764\/revisions"}],"predecessor-version":[{"id":6769,"href":"https:\/\/fkgintra.lt\/en\/wp-json\/wp\/v2\/posts\/6764\/revisions\/6769"}],"wp:featuredmedia":[{"embeddable":true,"href":"https:\/\/fkgintra.lt\/en\/wp-json\/wp\/v2\/media\/6765"}],"wp:attachment":[{"href":"https:\/\/fkgintra.lt\/en\/wp-json\/wp\/v2\/media?parent=6764"}],"wp:term":[{"taxonomy":"category","embeddable":true,"href":"https:\/\/fkgintra.lt\/en\/wp-json\/wp\/v2\/categories?post=6764"},{"taxonomy":"post_tag","embeddable":true,"href":"https:\/\/fkgintra.lt\/en\/wp-json\/wp\/v2\/tags?post=6764"}],"curies":[{"name":"wp","href":"https:\/\/api.w.org\/{rel}","templated":true}]}}