{"id":6881,"date":"2025-03-21T14:57:11","date_gmt":"2025-03-21T14:57:11","guid":{"rendered":"https:\/\/fkgintra.lt\/?p=6881"},"modified":"2025-03-21T15:06:26","modified_gmt":"2025-03-21T15:06:26","slug":"gintros-gretas-papilde-nauja-vartu-sarge-is-kanados","status":"publish","type":"post","link":"https:\/\/fkgintra.lt\/en\/gintros-gretas-papilde-nauja-vartu-sarge-is-kanados\/","title":{"rendered":"\u201eGintros\u201c gretas papild\u0117 nauja vart\u0173 sarg\u0117 i\u0161 Kanados"},"content":{"rendered":"<p>\u0160iauli\u0173 \u201eGintros\u201c komand\u0105 palikus vartininkei Liisai Tuomi klubas \u0117m\u0117si naujos vart\u0173 sarg\u0117s paie\u0161kos ir jau rado pamain\u0105. Lietuvos \u010dempioni\u0173 vartus gins 27-eri\u0173 met\u0173 kanadiet\u0117 Anne Ulliac. Komandos naujok\u0117 jau atvyko \u012f \u0160iaulius bei prisijung\u0117 prie ekipos treniruo\u010di\u0173 proceso ruo\u0161iantis artimiausioms moter\u0173 A lygos rungtyn\u0117ms, kurios jau \u0161\u012f sekmadien\u012f.<\/p>\n<p>A. Ulliac pastaruosius du sezonus rungtyniavo auk\u0161\u010diausioje Airijos moter\u0173 futbolo lygoje, kur vilk\u0117jo \u201eTreaty United\u201c klubo mar\u0161kin\u0117lius. Dar anks\u010diau ji \u017eaid\u0117 Portugalijos lygoje.<\/p>\n<p data-pm-slice=\"1 1 []\">Paklausta apie sprendim\u0105 prisijungti prie \u201eGintros\u201c, vartinink\u0117 i\u0161skyr\u0117 pergaling\u0105 klubo mentalitet\u0105.<\/p>\n<p>\u201eTai klubas su turtinga istorija ir ilg\u0173 met\u0173 dominavimu. \u017dinau, kad \u0161i komanda turi nenutr\u016bkstan\u010di\u0105 tradicij\u0105 laim\u0117ti \u010dempioni\u0173 titulus Lietuvoje bei kelianti ambicingus tikslus tarptautin\u0117se var\u017eybose. Man tai buvo svarbus veiksnys priimant sprendim\u0105 prisijungti prie komandos\u201c, \u2013 sak\u0117 naujoji komandos vartinink\u0117.<\/p>\n<p>Futbolinink\u0117 atskleid\u0117, jog jos stipriausios savyb\u0117s yra u\u017etikrintumas \u017eaid\u017eiant kojomis, ilgi perdavimai, greita reakcija bei geb\u0117jimas i\u0161laikyti ramyb\u0119 esant spaudimui.<\/p>\n<p>\u201eEsu vartinink\u0117, kuri m\u0117gsta aktyviai dalyvauti \u017eaidime. Gebu gerai valdyti kamuol\u012f tiek rankomis, tiek kojomis, reaguoti \u012f greitas situacijas ir priimti sprendimus spaudimo s\u0105lygomis\u201c, \u2013 prid\u016br\u0117 A. Ulliac.<\/p>\n<p><img loading=\"lazy\" decoding=\"async\" class=\"alignnone wp-image-6886 size-full\" src=\"https:\/\/fkgintra.lt\/wp-content\/uploads\/2025\/03\/c9a7c6b2-a8d8-4940-a9c1-00a83b53f6f8-Original.jpg\" alt=\"\" width=\"1600\" height=\"1066\" srcset=\"https:\/\/fkgintra.lt\/wp-content\/uploads\/2025\/03\/c9a7c6b2-a8d8-4940-a9c1-00a83b53f6f8-Original.jpg 1600w, https:\/\/fkgintra.lt\/wp-content\/uploads\/2025\/03\/c9a7c6b2-a8d8-4940-a9c1-00a83b53f6f8-Original-300x200.jpg 300w, https:\/\/fkgintra.lt\/wp-content\/uploads\/2025\/03\/c9a7c6b2-a8d8-4940-a9c1-00a83b53f6f8-Original-1024x682.jpg 1024w, https:\/\/fkgintra.lt\/wp-content\/uploads\/2025\/03\/c9a7c6b2-a8d8-4940-a9c1-00a83b53f6f8-Original-768x512.jpg 768w, https:\/\/fkgintra.lt\/wp-content\/uploads\/2025\/03\/c9a7c6b2-a8d8-4940-a9c1-00a83b53f6f8-Original-1536x1023.jpg 1536w, https:\/\/fkgintra.lt\/wp-content\/uploads\/2025\/03\/c9a7c6b2-a8d8-4940-a9c1-00a83b53f6f8-Original-18x12.jpg 18w, https:\/\/fkgintra.lt\/wp-content\/uploads\/2025\/03\/c9a7c6b2-a8d8-4940-a9c1-00a83b53f6f8-Original-180x120.jpg 180w\" sizes=\"(max-width: 1600px) 100vw, 1600px\" \/>Nors \u0160iauliai ir Lietuva dar tik nauja aplinka kanadietei turin\u010diai pranc\u016bzi\u0161k\u0173 \u0161akn\u0173, ji jau sp\u0117jo susipa\u017einti su m\u016bs\u0173 \u0161alimi ir miestu.<\/p>\n<p>\u201eAtvykusi \u012f Lietuv\u0105 daug su\u017einojau apie \u0160iaulius ir \u0161al\u012f apskritai. \u017dinau, kad \u0160iauliai yra Saul\u0117s miestas, o Lietuva \u2013 krep\u0161inio \u0161alis. Taip pat buvau gird\u0117jusi apie \u201eGintros\u201c pasiekimus ir s\u0117km\u0119 moter\u0173 futbole. Nors Lietuvoje visi labai m\u0117gsta krep\u0161in\u012f, kiek pasteb\u0117jau ir futbolas \u010dia tikrai mylimas bei auganti sporto \u0161aka. Tikiuosi, kad tur\u0117siu prog\u0173 apsilankyti ir kit\u0173 komand\u0173 rungtyn\u0117se bei palaikyti vietinius\u201c, \u2013 pirmaisiais \u012fsp\u016bd\u017eiais dalijosi futbolinink\u0117.<\/p>\n<p>Klubo vadovas Mantas Radavi\u010dius d\u017eiaug\u0117si nauju papildymu ir pabr\u0117\u017e\u0117, kad komanda tikisi i\u0161 A. Ulliac didelio ind\u0117lio \u012f b\u016bsimus sezono i\u0161\u0161\u016bkius.<\/p>\n<p>\u201eAnne jau turi sukaupusi nema\u017eai patirties rungtyniaujant Europoje, o tai tikrai prideda pasitik\u0117jimo. Tikime, kad jos profesionalumas ir \u012fg\u016bd\u017eiai pad\u0117s m\u016bs\u0173 komandai tiek vietiniame \u010dempionate, tiek tarptautin\u0117se var\u017eybose. Vartinink\u0117s pozicija yra itin svarbi, tod\u0117l d\u017eiaugiam\u0117s greitai rad\u0119 pamain\u0105 i\u0161vykusiai L. Tuomi.\u201c, \u2013 komentavo M. Radavi\u010dius.<\/p>\n<p>A. Ulliac jau bus registruota artimiausioms A lygos rungtyn\u0117ms \u0161\u012f sekmadien\u012f. Jose gintriet\u0117s susitiks su vice\u010dempion\u0117mis Vilniaus MFA \u201e\u017dalgiris-MRU\u201c futbolinink\u0117mis. Rungtyn\u0117s vyks Gytari\u0173 stadione 17 val. \u012e\u0117jimas \u017ei\u016brovams \u2013 nemokamas.<\/p>\n<p><img loading=\"lazy\" decoding=\"async\" class=\"alignnone wp-image-6883 size-full\" src=\"https:\/\/fkgintra.lt\/wp-content\/uploads\/2025\/03\/AU-post.png\" alt=\"\" width=\"1080\" height=\"1350\" srcset=\"https:\/\/fkgintra.lt\/wp-content\/uploads\/2025\/03\/AU-post.png 1080w, https:\/\/fkgintra.lt\/wp-content\/uploads\/2025\/03\/AU-post-240x300.png 240w, https:\/\/fkgintra.lt\/wp-content\/uploads\/2025\/03\/AU-post-819x1024.png 819w, https:\/\/fkgintra.lt\/wp-content\/uploads\/2025\/03\/AU-post-768x960.png 768w, https:\/\/fkgintra.lt\/wp-content\/uploads\/2025\/03\/AU-post-10x12.png 10w, https:\/\/fkgintra.lt\/wp-content\/uploads\/2025\/03\/AU-post-180x225.png 180w\" sizes=\"(max-width: 1080px) 100vw, 1080px\" \/><\/p>","protected":false},"excerpt":{"rendered":"<p>\u0160iauli\u0173 \u201eGintros\u201c komand\u0105 palikus vartininkei Liisai Tuomi klubas \u0117m\u0117si naujos vart\u0173 sarg\u0117s paie\u0161kos ir jau rado pamain\u0105. Lietuvos \u010dempioni\u0173 vartus gins 27-eri\u0173 met\u0173 kanadiet\u0117 Anne Ulliac. Komandos naujok\u0117 jau atvyko \u012f \u0160iaulius bei prisijung\u0117 prie ekipos treniruo\u010di\u0173 proceso ruo\u0161iantis artimiausioms moter\u0173 A lygos rungtyn\u0117ms, kurios jau \u0161\u012f sekmadien\u012f. A. Ulliac pastaruosius du sezonus rungtyniavo auk\u0161\u010diausioje [&hellip;]<\/p>","protected":false},"author":3,"featured_media":6882,"comment_status":"closed","ping_status":"open","sticky":false,"template":"","format":"standard","meta":{"footnotes":""},"categories":[1],"tags":[],"_links":{"self":[{"href":"https:\/\/fkgintra.lt\/en\/wp-json\/wp\/v2\/posts\/6881"}],"collection":[{"href":"https:\/\/fkgintra.lt\/en\/wp-json\/wp\/v2\/posts"}],"about":[{"href":"https:\/\/fkgintra.lt\/en\/wp-json\/wp\/v2\/types\/post"}],"author":[{"embeddable":true,"href":"https:\/\/fkgintra.lt\/en\/wp-json\/wp\/v2\/users\/3"}],"replies":[{"embeddable":true,"href":"https:\/\/fkgintra.lt\/en\/wp-json\/wp\/v2\/comments?post=6881"}],"version-history":[{"count":4,"href":"https:\/\/fkgintra.lt\/en\/wp-json\/wp\/v2\/posts\/6881\/revisions"}],"predecessor-version":[{"id":6888,"href":"https:\/\/fkgintra.lt\/en\/wp-json\/wp\/v2\/posts\/6881\/revisions\/6888"}],"wp:featuredmedia":[{"embeddable":true,"href":"https:\/\/fkgintra.lt\/en\/wp-json\/wp\/v2\/media\/6882"}],"wp:attachment":[{"href":"https:\/\/fkgintra.lt\/en\/wp-json\/wp\/v2\/media?parent=6881"}],"wp:term":[{"taxonomy":"category","embeddable":true,"href":"https:\/\/fkgintra.lt\/en\/wp-json\/wp\/v2\/categories?post=6881"},{"taxonomy":"post_tag","embeddable":true,"href":"https:\/\/fkgintra.lt\/en\/wp-json\/wp\/v2\/tags?post=6881"}],"curies":[{"name":"wp","href":"https:\/\/api.w.org\/{rel}","templated":true}]}}