{"id":6932,"date":"2025-04-13T12:54:09","date_gmt":"2025-04-13T12:54:09","guid":{"rendered":"https:\/\/fkgintra.lt\/?p=6932"},"modified":"2025-04-13T18:19:17","modified_gmt":"2025-04-13T18:19:17","slug":"pirmoji-sezono-isvyka-a-lygoje-pazymeta-skaudzia-nesekme","status":"publish","type":"post","link":"https:\/\/fkgintra.lt\/en\/pirmoji-sezono-isvyka-a-lygoje-pazymeta-skaudzia-nesekme\/","title":{"rendered":"Pirmoji sezono i\u0161vyka A lygoje pa\u017eym\u0117ta skaud\u017eia nes\u0117kme (komentaras)"},"content":{"rendered":"<p>Dviem u\u017etikrintomis pergal\u0117mis namuose Lietuvos moter\u0173 A lygos \u010dempionate startavusi \u0160iauli\u0173 \u201eGintra\u201c suklupo pirmosiose i\u0161vykose rungtyn\u0117se.<\/p>\n<p>Lietuvos \u010dempion\u0117s tre\u010diajame ture i\u0161vykoje <strong>0:3 <\/strong>(0:1) tur\u0117jo pripa\u017einti Vilniaus rajono \u201eTransINVEST\u201c futbolininki\u0173 prana\u0161um\u0105, kurioms tai buvo tre\u010dioji pergal\u0117 i\u0161 eil\u0117s.<\/p>\n<p><strong>Startin\u0117 sud\u0117tis:<\/strong><em>\u00a0 G. Vasilenko, R. Beal, I. Kuku, A. Mikutait\u0117, T. Romanovskaja, B. David, L. Kubili\u016bt\u0117, J. Bla\u017eevi\u010di\u016bt\u0117, E. \u0160upelyt\u0117 (68&#8242; min. S. Amorim),\u00a0 C. Caliz, K. Johnson (40&#8242; min. V. Igbonoba).<\/em><\/p>\n<p><strong>\u012evar\u010diai:<\/strong><\/p>\n<p><strong>\u201eTransINVEST\u201c: <\/strong><em>K. Pereviznyk (8&#8242; min.), V. Postol (60&#8242; min.) ir E. Garcia (84&#8242; min.) po 1.<\/em><\/p>\n<p>Rungtyni\u0173 prad\u017eia \u0160irvint\u0173 stadione gintriet\u0117ms susiklost\u0117 prastai. Nors pirmosiomis minut\u0117mis \u0160iauli\u0173 futbolinink\u0117s tur\u0117jo iniciatyv\u0105 ir vald\u0117 kamuol\u012f, vis tik grubi klaida gynyboje l\u0117m\u0117 praleist\u0105 \u012fvart\u012f, kuriuo nubaud\u0117 Khrystyna Pereviznyk \u2013 0:1.<\/p>\n<p>Po praleisto \u012fvar\u010dio Steve&#8217;o Beekso aukletin\u0117s siek\u0117 pelnyti greit\u0105 atsakom\u0105j\u012f \u012fvart\u012f, bet atakos strigo var\u017eovi\u0173 baudos aik\u0161tel\u0117s prieigose. Nors gintriet\u0117s atliko nema\u017eai skers\u0173 perdavim\u0173 \u012f baudos aik\u0161tel\u0119, visus kamuolius susirinko u\u017etikrintai rungtyniavusi var\u017eovi\u0173 vartinink\u0117.<\/p>\n<p>40-\u0105j\u0105 minut\u0119 \u201eGintros\u201c vyriausiajam treneriui teko atlikti priverstin\u012f keitim\u0105 puolimo grandyje \u2013 vien\u0105 ekipos lyderi\u0173 Kiyani Johnson aik\u0161t\u0117je d\u0117l traumos pakeit\u0117 Victoria Igbonoba.<\/p>\n<p>Prasid\u0117jus antrajam k\u0117liniui Saul\u0117s miesto atstov\u0117s ir toliau kontroliavo kamuol\u012f oponen\u010di\u0173 var\u017eovi\u0173 pus\u0117je, bet paskutin\u0117je atakos stadijoje tr\u016bko tikslumo. \u0160ans\u0105 pasi\u017eym\u0117ti 58-\u0105j\u0105 susitikimo minut\u0119 tur\u0117jo Bunmi David, kurios sm\u016bgis galva buvo atremtas.<\/p>\n<p>Po keli\u0173 akimirk\u0173 geltonai juodoms suklydus aik\u0161t\u0117s viduryje \u201eTransINVEST\u201c saug\u0117 Valeria Postol u\u017eklupo gintrie\u010di\u0173 vartinink\u0119 Gabriel\u0119 Vasilenko nepasiruo\u0161usi\u0105 bei padvigubino aik\u0161t\u0117s \u0161eimininki\u0173 persvar\u0105 \u2013 0:2.<\/p>\n<p>Nepaisant vis\u0173 pastang\u0173 \u201eGintros\u201c futbolinink\u0117ms nesisek\u0117 pralau\u017eti var\u017eovi\u0173 gynybos, o pastarosios pasinaudojusios dar viena kontraataka peln\u0117 ir tre\u010di\u0105j\u012f susitikimo \u012fvart\u012f \u2013 0:3.<\/p>\n<p>Atsitiesti po \u0161ios nes\u0117km\u0117s geltonai juodos sieks jau kit\u0105 savaitgal\u012f. Baland\u017eio 19 dien\u0105, \u0161e\u0161tadien\u012f, 17 val. Gytari\u0173 stadione priimsime Kauno rajono \u201eHegelmann\u201c ekip\u0105.<\/p>\n<p><strong>Trenerio komentaras:<\/strong><\/p>\n<p><iframe loading=\"lazy\" title=\"Moter\u0173 A lyga: FK TransINVEST - FC Gintra I Komentaras I 04.13\" width=\"810\" height=\"456\" src=\"https:\/\/www.youtube.com\/embed\/fwajB1HjH68?feature=oembed\" frameborder=\"0\" allow=\"accelerometer; autoplay; clipboard-write; encrypted-media; gyroscope; picture-in-picture; web-share\" referrerpolicy=\"strict-origin-when-cross-origin\" allowfullscreen><\/iframe><\/p>","protected":false},"excerpt":{"rendered":"<p>Dviem u\u017etikrintomis pergal\u0117mis namuose Lietuvos moter\u0173 A lygos \u010dempionate startavusi \u0160iauli\u0173 \u201eGintra\u201c suklupo pirmosiose i\u0161vykose rungtyn\u0117se. Lietuvos \u010dempion\u0117s tre\u010diajame ture i\u0161vykoje 0:3 (0:1) tur\u0117jo pripa\u017einti Vilniaus rajono \u201eTransINVEST\u201c futbolininki\u0173 prana\u0161um\u0105, kurioms tai buvo tre\u010dioji pergal\u0117 i\u0161 eil\u0117s. Startin\u0117 sud\u0117tis:\u00a0 G. Vasilenko, R. Beal, I. Kuku, A. Mikutait\u0117, T. Romanovskaja, B. David, L. Kubili\u016bt\u0117, J. Bla\u017eevi\u010di\u016bt\u0117, [&hellip;]<\/p>","protected":false},"author":3,"featured_media":6934,"comment_status":"closed","ping_status":"open","sticky":false,"template":"","format":"standard","meta":{"footnotes":""},"categories":[1],"tags":[],"_links":{"self":[{"href":"https:\/\/fkgintra.lt\/en\/wp-json\/wp\/v2\/posts\/6932"}],"collection":[{"href":"https:\/\/fkgintra.lt\/en\/wp-json\/wp\/v2\/posts"}],"about":[{"href":"https:\/\/fkgintra.lt\/en\/wp-json\/wp\/v2\/types\/post"}],"author":[{"embeddable":true,"href":"https:\/\/fkgintra.lt\/en\/wp-json\/wp\/v2\/users\/3"}],"replies":[{"embeddable":true,"href":"https:\/\/fkgintra.lt\/en\/wp-json\/wp\/v2\/comments?post=6932"}],"version-history":[{"count":2,"href":"https:\/\/fkgintra.lt\/en\/wp-json\/wp\/v2\/posts\/6932\/revisions"}],"predecessor-version":[{"id":6936,"href":"https:\/\/fkgintra.lt\/en\/wp-json\/wp\/v2\/posts\/6932\/revisions\/6936"}],"wp:featuredmedia":[{"embeddable":true,"href":"https:\/\/fkgintra.lt\/en\/wp-json\/wp\/v2\/media\/6934"}],"wp:attachment":[{"href":"https:\/\/fkgintra.lt\/en\/wp-json\/wp\/v2\/media?parent=6932"}],"wp:term":[{"taxonomy":"category","embeddable":true,"href":"https:\/\/fkgintra.lt\/en\/wp-json\/wp\/v2\/categories?post=6932"},{"taxonomy":"post_tag","embeddable":true,"href":"https:\/\/fkgintra.lt\/en\/wp-json\/wp\/v2\/tags?post=6932"}],"curies":[{"name":"wp","href":"https:\/\/api.w.org\/{rel}","templated":true}]}}