{"id":7391,"date":"2025-09-19T13:44:21","date_gmt":"2025-09-19T13:44:21","guid":{"rendered":"https:\/\/fkgintra.lt\/?p=7391"},"modified":"2025-09-19T14:11:23","modified_gmt":"2025-09-19T14:11:23","slug":"istorinis-debiutas-gintra-suzinojo-varzoves-pirma-karta-rengiamoje-uefa-moteru-europos-lygoje","status":"publish","type":"post","link":"https:\/\/fkgintra.lt\/en\/istorinis-debiutas-gintra-suzinojo-varzoves-pirma-karta-rengiamoje-uefa-moteru-europos-lygoje\/","title":{"rendered":"Istorinis debiutas: \u201eGintra\u201c su\u017einojo var\u017eoves pirm\u0105 kart\u0105 rengiamoje UEFA moter\u0173 Europos lygoje"},"content":{"rendered":"<p data-start=\"228\" data-end=\"512\">Lietuvos \u010dempion\u0117 \u0160iauli\u0173 \u201eGintra\u201c \u017eengia \u012f nauj\u0105 etap\u0105 \u0161alies moter\u0173 futbolo istorijoje. \u0160iauli\u0173 miesto reprezentacin\u0117 komanda pirm\u0105 kart\u0105 dalyvaus naujai \u012fsteigtoje UEFA moter\u0173 Europos lygoje, kurios antrajame atrankos etape laukia akistata su Danijos vice\u010dempion\u0117mis Farumo \u201eNordsj\u00e6lland\u201c.<\/p>\n<p data-start=\"514\" data-end=\"727\">Antrasis atrankos etapas, kaip ir tolesn\u0117s var\u017eybos, vyks nam\u0173\u2013i\u0161vykos principu. Burtai l\u0117m\u0117, kad pirmosios tarpusavio rungtyn\u0117s vyks spalio 7 arba 8 d. \u0160iauliuose, antrasis susitikimas spalio 15 arba 16 dienomis vyks Danijoje.<\/p>\n<p data-start=\"729\" data-end=\"1051\">\u201e\u0160ios rungtyn\u0117s \u2013 ypatingas momentas ne tik m\u016bs\u0173 klubui, bet ir visam Lietuvos moter\u0173 futbolui. Debiutas UEFA moter\u0173 Europos lygoje suteikia galimyb\u0119 dar kart\u0105 \u012frodyti, jog galime var\u017eytis su stipriausiomis Europos komandomis. Sirgali\u0173 palaikymas namuose bus ne\u012fkainojamas\u201c, \u2013 po burt\u0173 traukimo ceremonijos sak\u0117 \u201eGintros\u201c direktorius Mantas Radavi\u010dius.<\/p>\n<p data-start=\"1053\" data-end=\"1317\">FC \u201eNordsj\u00e6lland\u201c \u2013 itin rimtas i\u0161\u0161\u016bkis. Danijos vice\u010dempion\u0117s gars\u0117ja savo paj\u0117gia vietini\u0173 \u017eaid\u0117j\u0173 rotacija, turi ir paj\u0117gi\u0173 legionieri\u0173, profesionalia infrastrukt\u016bra. Dan\u0117s pirmajame atrankos etape nesunkiai, bendru rezultatu 8:2 nugal\u0117jo Suomijos ekip\u0105 \u201eKuPS\u201c. Nepaisant to, \u201eGintra\u201c siekia t\u0119sti ilgametes tradicijas, kai nam\u0173 aik\u0161t\u0117je sirgali\u0173 palaikymas tampa lemiamu faktoriumi.<\/p>\n<p data-start=\"1319\" data-end=\"1408\">Bilietus \u012f istorin\u012f susitikim\u0105 \u0160iauliuose platina \u201eTicketmarket\u201c. Bilietai jau prekyboje.<\/p>\n<p data-start=\"1410\" data-end=\"1590\">\u201eGintra\u201c kvie\u010dia visus futbolo aistruolius atvykti \u012f stadion\u0105 ir savo akimis i\u0161vysti geltonai juod\u0173 debiut\u0105 UEFA Europos lygoje.<\/p>\n<p data-start=\"1410\" data-end=\"1590\"><img loading=\"lazy\" decoding=\"async\" class=\"alignnone wp-image-7395 size-full\" src=\"https:\/\/fkgintra.lt\/wp-content\/uploads\/2025\/09\/FC-Gintra-2025-post-3.png\" alt=\"\" width=\"1080\" height=\"1350\" srcset=\"https:\/\/fkgintra.lt\/wp-content\/uploads\/2025\/09\/FC-Gintra-2025-post-3.png 1080w, https:\/\/fkgintra.lt\/wp-content\/uploads\/2025\/09\/FC-Gintra-2025-post-3-240x300.png 240w, https:\/\/fkgintra.lt\/wp-content\/uploads\/2025\/09\/FC-Gintra-2025-post-3-819x1024.png 819w, https:\/\/fkgintra.lt\/wp-content\/uploads\/2025\/09\/FC-Gintra-2025-post-3-768x960.png 768w, https:\/\/fkgintra.lt\/wp-content\/uploads\/2025\/09\/FC-Gintra-2025-post-3-10x12.png 10w, https:\/\/fkgintra.lt\/wp-content\/uploads\/2025\/09\/FC-Gintra-2025-post-3-180x225.png 180w\" sizes=\"(max-width: 1080px) 100vw, 1080px\" \/><\/p>\n<p data-start=\"1410\" data-end=\"1590\"><strong>Visos antrojo atrankos etapo poros:<\/strong><\/p>\n<p data-start=\"1410\" data-end=\"1590\"><img loading=\"lazy\" decoding=\"async\" class=\"alignnone wp-image-7397 size-full\" src=\"https:\/\/fkgintra.lt\/wp-content\/uploads\/2025\/09\/teams-draw.png\" alt=\"\" width=\"1840\" height=\"976\" srcset=\"https:\/\/fkgintra.lt\/wp-content\/uploads\/2025\/09\/teams-draw.png 1840w, https:\/\/fkgintra.lt\/wp-content\/uploads\/2025\/09\/teams-draw-300x159.png 300w, https:\/\/fkgintra.lt\/wp-content\/uploads\/2025\/09\/teams-draw-1024x543.png 1024w, https:\/\/fkgintra.lt\/wp-content\/uploads\/2025\/09\/teams-draw-768x407.png 768w, https:\/\/fkgintra.lt\/wp-content\/uploads\/2025\/09\/teams-draw-1536x815.png 1536w, https:\/\/fkgintra.lt\/wp-content\/uploads\/2025\/09\/teams-draw-18x10.png 18w, https:\/\/fkgintra.lt\/wp-content\/uploads\/2025\/09\/teams-draw-180x95.png 180w\" sizes=\"(max-width: 1840px) 100vw, 1840px\" \/><\/p>","protected":false},"excerpt":{"rendered":"<p>Lietuvos \u010dempion\u0117 \u0160iauli\u0173 \u201eGintra\u201c \u017eengia \u012f nauj\u0105 etap\u0105 \u0161alies moter\u0173 futbolo istorijoje. \u0160iauli\u0173 miesto reprezentacin\u0117 komanda pirm\u0105 kart\u0105 dalyvaus naujai \u012fsteigtoje UEFA moter\u0173 Europos lygoje, kurios antrajame atrankos etape laukia akistata su Danijos vice\u010dempion\u0117mis Farumo \u201eNordsj\u00e6lland\u201c. Antrasis atrankos etapas, kaip ir tolesn\u0117s var\u017eybos, vyks nam\u0173\u2013i\u0161vykos principu. Burtai l\u0117m\u0117, kad pirmosios tarpusavio rungtyn\u0117s vyks spalio 7 [&hellip;]<\/p>","protected":false},"author":3,"featured_media":7396,"comment_status":"closed","ping_status":"open","sticky":false,"template":"","format":"standard","meta":{"footnotes":""},"categories":[1],"tags":[],"_links":{"self":[{"href":"https:\/\/fkgintra.lt\/en\/wp-json\/wp\/v2\/posts\/7391"}],"collection":[{"href":"https:\/\/fkgintra.lt\/en\/wp-json\/wp\/v2\/posts"}],"about":[{"href":"https:\/\/fkgintra.lt\/en\/wp-json\/wp\/v2\/types\/post"}],"author":[{"embeddable":true,"href":"https:\/\/fkgintra.lt\/en\/wp-json\/wp\/v2\/users\/3"}],"replies":[{"embeddable":true,"href":"https:\/\/fkgintra.lt\/en\/wp-json\/wp\/v2\/comments?post=7391"}],"version-history":[{"count":6,"href":"https:\/\/fkgintra.lt\/en\/wp-json\/wp\/v2\/posts\/7391\/revisions"}],"predecessor-version":[{"id":7401,"href":"https:\/\/fkgintra.lt\/en\/wp-json\/wp\/v2\/posts\/7391\/revisions\/7401"}],"wp:featuredmedia":[{"embeddable":true,"href":"https:\/\/fkgintra.lt\/en\/wp-json\/wp\/v2\/media\/7396"}],"wp:attachment":[{"href":"https:\/\/fkgintra.lt\/en\/wp-json\/wp\/v2\/media?parent=7391"}],"wp:term":[{"taxonomy":"category","embeddable":true,"href":"https:\/\/fkgintra.lt\/en\/wp-json\/wp\/v2\/categories?post=7391"},{"taxonomy":"post_tag","embeddable":true,"href":"https:\/\/fkgintra.lt\/en\/wp-json\/wp\/v2\/tags?post=7391"}],"curies":[{"name":"wp","href":"https:\/\/api.w.org\/{rel}","templated":true}]}}