{"id":8595,"date":"2026-09-02T13:54:31","date_gmt":"2026-09-02T10:54:31","guid":{"rendered":"https:\/\/fkgintra.lt\/?p=8595"},"modified":"2026-09-02T15:51:38","modified_gmt":"2026-09-02T12:51:38","slug":"reto-rezultatyvumo-rungtynese-gintra-nusileido-austrijos-klubui-ir-baige-pasirodyma-europoje","status":"publish","type":"post","link":"https:\/\/fkgintra.lt\/en\/reto-rezultatyvumo-rungtynese-gintra-nusileido-austrijos-klubui-ir-baige-pasirodyma-europoje\/","title":{"rendered":"Reto rezultatyvumo rungtyn\u0117se \u201eGintra\u201c nusileido Austrijos klubui ir baig\u0117 pasirodym\u0105 Europoje (santrauka, komentaras)"},"content":{"rendered":"<p>\u0160iauli\u0173 miesto centriniame stadione tre\u010diadien\u012f \u012fvyko atsakomosios UEFA moter\u0173 Europos taur\u0117s pirmo atrankos etapo rungtyn\u0117s tarp \u0160iauli\u0173 \u201eGintros\u201c ir Graco SK \u201eSturm\u201c komand\u0173.<\/p>\n<p><span class=\"stadium\">Lietuvos \u010dempion\u0117s savo sirgali\u0173 akivaizdoje itin rezultatyviose ir permainingose rungtyn\u0117se<strong> 3:5<\/strong> (3:4) nusileido austr\u0117ms bei baig\u0117 savo pasirodym\u0105 Europoje.\u00a0\u00a0<\/span><\/p>\n<p>Pirmoji komand\u0173 tarpusavio akistata Grace baig\u0117si austri\u0173 pergale 2:1.<\/p>\n<p><strong>Startin\u0117 sud\u0117tis:<\/strong><em>\u00a0 A. Herasymchuk, M. Yancey, S. Amorim, A. Mikutait\u0117 (67&#8242; min. M. Proscevi\u010di\u016bt\u0117), L. Kubili\u016bt\u0117, M. Galkina, T. Brown, L. Ribeiro, J. Bla\u017eevi\u010di\u016bt\u0117 (67&#8242; min. J. Dias), K. Pereviznyk, E. Mideva.<\/em><\/p>\n<p><strong>\u201eGintra\u201c: <\/strong><em>K. Pereviznyk (7&#8242;, 15&#8242; min.) &#8211; 2, E. Mideva (8&#8242; min.) &#8211; 1.<\/em><\/p>\n<p><strong>\u201eSturm Graz\u201c: <\/strong><em>L. B. Pulins (3&#8242;, 45+2&#8242;, 53&#8242; min. i\u0161 11 m. baudinio) &#8211; 3, L. Sipos (27&#8242; min.), M. Yancey (33&#8242; min. \u012f savo vartus) po 1.<\/em><\/p>\n<p>Gintriet\u0117ms \u0161iose rungtyn\u0117se negal\u0117jo pad\u0117ti traum\u0105 patyrusios saug\u0117 Anni Hakasalo ir gyn\u0117ja Gracie Knutzen.<\/p>\n<p>Rungtyn\u0117s prasid\u0117jo tikru \u012fvar\u010di\u0173 lietumi. Nors pirmosios atsidar\u0117 var\u017eov\u0117s, kai po kampinio baudos aik\u0161tel\u0117je kilusios sumai\u0161ties ja pasinaudojusi var\u017eovi\u0173 puol\u0117ja Brigita Pulins pasiunt\u0117 kamuol\u012f \u012f tinkl\u0105 &#8211; 0:1.<\/p>\n<p>Nepaisant praleisto \u012fvar\u010dio gintriet\u0117s nesutriko ir jau po trij\u0173 minu\u010di\u0173 komandos puol\u0117ja Kristina Pereviznyk rezultat\u0105 i\u0161lygino, o dar po keli\u0173 akimirk\u0173 Elizabeth Mideva i\u0161ved\u0117 geltonai juodas \u012f priek\u012f &#8211; 2:1.<\/p>\n<p>Lietus plov\u0117 aik\u0161t\u0119, o u\u017esivedusios Lietuvos \u010dempion\u0117s t\u0119s\u0117 \u012fvar\u010di\u0173 liet\u0173. 15-\u0105j\u0105 ta pati K. Pereviznyk precizi\u0161kai tiksliu sm\u016bgiu dar kart\u0105 nuginklavo var\u017eovi\u0173 vartinink\u0119 ir rezultatas tapo 3:1.<\/p>\n<p>\u012epus\u0117jus k\u0117liniui austr\u0117ms pavyko su\u0161velninti atsilikim\u0105 bei atstatyti bendr\u0105 dviej\u0173 rungtyni\u0173 lygyb\u0119, kai viena prie\u0161 All\u0105 Herasymchuk pab\u0117gusi Lilla Sipos pasiunt\u0117 kamuol\u012f \u012f vartus &#8211; 3:2.<\/p>\n<p>Po \u0161io \u012fvar\u010dio aik\u0161t\u0117je iniciatyv\u0105 per\u0117m\u0117 var\u017eov\u0117s, kurios iki pertraukos sugeb\u0117jo ne tik i\u0161lyginti rezultat\u0105, kai nes\u0117kmingai su\u017eaidusi Makeila Yancey pasiunt\u0117 kamuol\u012f \u012f savo vartus, bet ir persverti savo naudai pelnius \u012fvart\u012f jau per prid\u0117t\u0105 pirmoji k\u0117linio laik\u0105 &#8211; 3:4.<\/p>\n<p>Po pertraukos \u201eSturm\u201c pavyko i\u0161provokuoti pra\u017eang\u0105 baudos aik\u0161tel\u0117je, o B. Pulins realizavo 11 metr\u0173 baudin\u012f bei rezultatas tapo 3:5.<\/p>\n<p>Gintriet\u0117s po \u0161io praleisto \u012fvar\u010dio nebeatsities\u0117 bei tur\u0117jo pripa\u017einti var\u017eovi\u0173 prana\u0161um\u0105, kurios \u017eeng\u0117 \u012f antr\u0105 atrankos etap\u0105.<\/p>\n<p>Artimiausias rungtynes komanda \u017eais rugs\u0117jo 9 dien\u0105. A lygos \u010dempionate \u201eGintros\u201c futbolinink\u0117s priims Garg\u017ed\u0173 \u201eBang\u0105\u201c.<\/p>\n<p><strong>Rungtyni\u0173 santrauka:<\/strong><\/p>\n<p><iframe loading=\"lazy\" title=\"UEFA Europa Cup QR1: FC Gintra - SK Sturm I santrauka\" width=\"810\" height=\"456\" src=\"https:\/\/www.youtube.com\/embed\/ci1hwc6ZmVQ?feature=oembed\" frameborder=\"0\" allow=\"accelerometer; autoplay; clipboard-write; encrypted-media; gyroscope; picture-in-picture; web-share\" referrerpolicy=\"strict-origin-when-cross-origin\" allowfullscreen><\/iframe><\/p>","protected":false},"excerpt":{"rendered":"<p>\u0160iauli\u0173 miesto centriniame stadione tre\u010diadien\u012f \u012fvyko atsakomosios UEFA moter\u0173 Europos taur\u0117s pirmo atrankos etapo rungtyn\u0117s tarp \u0160iauli\u0173 \u201eGintros\u201c ir Graco SK \u201eSturm\u201c komand\u0173. Lietuvos \u010dempion\u0117s savo sirgali\u0173 akivaizdoje itin rezultatyviose ir permainingose rungtyn\u0117se 3:5 (3:4) nusileido austr\u0117ms bei baig\u0117 savo pasirodym\u0105 Europoje.\u00a0\u00a0 Pirmoji komand\u0173 tarpusavio akistata Grace baig\u0117si austri\u0173 pergale 2:1. Startin\u0117 sud\u0117tis:\u00a0 A. Herasymchuk, [&hellip;]<\/p>\n","protected":false},"author":3,"featured_media":8599,"comment_status":"closed","ping_status":"open","sticky":false,"template":"","format":"standard","meta":{"footnotes":""},"categories":[1],"tags":[],"class_list":["post-8595","post","type-post","status-publish","format-standard","has-post-thumbnail","hentry","category-gintra-news"],"yoast_head":"<!-- This site is optimized with the Yoast SEO plugin v28.3 - https:\/\/yoast.com\/product\/yoast-seo-wordpress\/ -->\n<title>Reto rezultatyvumo rungtyn\u0117se \u201eGintra\u201c nusileido Austrijos klubui ir baig\u0117 pasirodym\u0105 Europoje (santrauka, komentaras) - Futbolo klubas Gintra<\/title>\n<meta name=\"robots\" content=\"index, follow, max-snippet:-1, max-image-preview:large, max-video-preview:-1\" \/>\n<link rel=\"canonical\" href=\"https:\/\/fkgintra.lt\/en\/reto-rezultatyvumo-rungtynese-gintra-nusileido-austrijos-klubui-ir-baige-pasirodyma-europoje\/\" \/>\n<meta property=\"og:locale\" content=\"en_US\" \/>\n<meta property=\"og:type\" content=\"article\" \/>\n<meta property=\"og:title\" content=\"Reto rezultatyvumo rungtyn\u0117se \u201eGintra\u201c nusileido Austrijos klubui ir baig\u0117 pasirodym\u0105 Europoje (santrauka, komentaras) - Futbolo klubas Gintra\" \/>\n<meta property=\"og:description\" content=\"\u0160iauli\u0173 miesto centriniame stadione tre\u010diadien\u012f \u012fvyko atsakomosios UEFA moter\u0173 Europos taur\u0117s pirmo atrankos etapo rungtyn\u0117s tarp \u0160iauli\u0173 \u201eGintros\u201c ir Graco SK \u201eSturm\u201c komand\u0173. Lietuvos \u010dempion\u0117s savo sirgali\u0173 akivaizdoje itin rezultatyviose ir permainingose rungtyn\u0117se 3:5 (3:4) nusileido austr\u0117ms bei baig\u0117 savo pasirodym\u0105 Europoje.\u00a0\u00a0 Pirmoji komand\u0173 tarpusavio akistata Grace baig\u0117si austri\u0173 pergale 2:1. Startin\u0117 sud\u0117tis:\u00a0 A. Herasymchuk, [&hellip;]\" \/>\n<meta property=\"og:url\" content=\"https:\/\/fkgintra.lt\/en\/reto-rezultatyvumo-rungtynese-gintra-nusileido-austrijos-klubui-ir-baige-pasirodyma-europoje\/\" \/>\n<meta property=\"og:site_name\" content=\"Futbolo klubas Gintra\" \/>\n<meta property=\"article:published_time\" content=\"2026-09-02T10:54:31+00:00\" \/>\n<meta property=\"article:modified_time\" content=\"2026-09-02T12:51:38+00:00\" \/>\n<meta property=\"og:image\" content=\"https:\/\/fkgintra.lt\/wp-content\/uploads\/2026\/09\/gintra-sturm_L.Grikiecio-1024x683.png\" \/>\n\t<meta property=\"og:image:width\" content=\"1024\" \/>\n\t<meta property=\"og:image:height\" content=\"683\" \/>\n\t<meta property=\"og:image:type\" content=\"image\/png\" \/>\n<meta name=\"author\" content=\"vilius dambrauskas\" \/>\n<meta name=\"twitter:card\" content=\"summary_large_image\" \/>\n<meta name=\"twitter:label1\" content=\"Written by\" \/>\n\t<meta name=\"twitter:data1\" content=\"vilius dambrauskas\" \/>\n\t<meta name=\"twitter:label2\" content=\"Est. reading time\" \/>\n\t<meta name=\"twitter:data2\" content=\"3 minutes\" \/>\n<script type=\"application\/ld+json\" class=\"yoast-schema-graph\">{\"@context\":\"https:\\\/\\\/schema.org\",\"@graph\":[{\"@type\":\"Article\",\"@id\":\"https:\\\/\\\/fkgintra.lt\\\/reto-rezultatyvumo-rungtynese-gintra-nusileido-austrijos-klubui-ir-baige-pasirodyma-europoje\\\/#article\",\"isPartOf\":{\"@id\":\"https:\\\/\\\/fkgintra.lt\\\/reto-rezultatyvumo-rungtynese-gintra-nusileido-austrijos-klubui-ir-baige-pasirodyma-europoje\\\/\"},\"author\":{\"name\":\"vilius dambrauskas\",\"@id\":\"https:\\\/\\\/fkgintra.lt\\\/#\\\/schema\\\/person\\\/b811e3ddee466de106e1b90359930c18\"},\"headline\":\"Reto rezultatyvumo rungtyn\u0117se \u201eGintra\u201c nusileido Austrijos klubui ir baig\u0117 pasirodym\u0105 Europoje (santrauka, komentaras)\",\"datePublished\":\"2026-09-02T10:54:31+00:00\",\"dateModified\":\"2026-09-02T12:51:38+00:00\",\"mainEntityOfPage\":{\"@id\":\"https:\\\/\\\/fkgintra.lt\\\/reto-rezultatyvumo-rungtynese-gintra-nusileido-austrijos-klubui-ir-baige-pasirodyma-europoje\\\/\"},\"wordCount\":417,\"publisher\":{\"@id\":\"https:\\\/\\\/fkgintra.lt\\\/#organization\"},\"image\":{\"@id\":\"https:\\\/\\\/fkgintra.lt\\\/reto-rezultatyvumo-rungtynese-gintra-nusileido-austrijos-klubui-ir-baige-pasirodyma-europoje\\\/#primaryimage\"},\"thumbnailUrl\":\"https:\\\/\\\/fkgintra.lt\\\/wp-content\\\/uploads\\\/2026\\\/09\\\/gintra-sturm_L.Grikiecio-scaled.png\",\"articleSection\":[\"Gintra naujienos\"],\"inLanguage\":\"en-US\"},{\"@type\":\"WebPage\",\"@id\":\"https:\\\/\\\/fkgintra.lt\\\/reto-rezultatyvumo-rungtynese-gintra-nusileido-austrijos-klubui-ir-baige-pasirodyma-europoje\\\/\",\"url\":\"https:\\\/\\\/fkgintra.lt\\\/reto-rezultatyvumo-rungtynese-gintra-nusileido-austrijos-klubui-ir-baige-pasirodyma-europoje\\\/\",\"name\":\"Reto rezultatyvumo rungtyn\u0117se \u201eGintra\u201c nusileido Austrijos klubui ir baig\u0117 pasirodym\u0105 Europoje (santrauka, komentaras) - Futbolo klubas Gintra\",\"isPartOf\":{\"@id\":\"https:\\\/\\\/fkgintra.lt\\\/#website\"},\"primaryImageOfPage\":{\"@id\":\"https:\\\/\\\/fkgintra.lt\\\/reto-rezultatyvumo-rungtynese-gintra-nusileido-austrijos-klubui-ir-baige-pasirodyma-europoje\\\/#primaryimage\"},\"image\":{\"@id\":\"https:\\\/\\\/fkgintra.lt\\\/reto-rezultatyvumo-rungtynese-gintra-nusileido-austrijos-klubui-ir-baige-pasirodyma-europoje\\\/#primaryimage\"},\"thumbnailUrl\":\"https:\\\/\\\/fkgintra.lt\\\/wp-content\\\/uploads\\\/2026\\\/09\\\/gintra-sturm_L.Grikiecio-scaled.png\",\"datePublished\":\"2026-09-02T10:54:31+00:00\",\"dateModified\":\"2026-09-02T12:51:38+00:00\",\"breadcrumb\":{\"@id\":\"https:\\\/\\\/fkgintra.lt\\\/reto-rezultatyvumo-rungtynese-gintra-nusileido-austrijos-klubui-ir-baige-pasirodyma-europoje\\\/#breadcrumb\"},\"inLanguage\":\"en-US\",\"potentialAction\":[{\"@type\":\"ReadAction\",\"target\":[\"https:\\\/\\\/fkgintra.lt\\\/reto-rezultatyvumo-rungtynese-gintra-nusileido-austrijos-klubui-ir-baige-pasirodyma-europoje\\\/\"]}]},{\"@type\":\"ImageObject\",\"inLanguage\":\"en-US\",\"@id\":\"https:\\\/\\\/fkgintra.lt\\\/reto-rezultatyvumo-rungtynese-gintra-nusileido-austrijos-klubui-ir-baige-pasirodyma-europoje\\\/#primaryimage\",\"url\":\"https:\\\/\\\/fkgintra.lt\\\/wp-content\\\/uploads\\\/2026\\\/09\\\/gintra-sturm_L.Grikiecio-scaled.png\",\"contentUrl\":\"https:\\\/\\\/fkgintra.lt\\\/wp-content\\\/uploads\\\/2026\\\/09\\\/gintra-sturm_L.Grikiecio-scaled.png\",\"width\":2048,\"height\":1365},{\"@type\":\"BreadcrumbList\",\"@id\":\"https:\\\/\\\/fkgintra.lt\\\/reto-rezultatyvumo-rungtynese-gintra-nusileido-austrijos-klubui-ir-baige-pasirodyma-europoje\\\/#breadcrumb\",\"itemListElement\":[{\"@type\":\"ListItem\",\"position\":1,\"name\":\"Home\",\"item\":\"https:\\\/\\\/fkgintra.lt\\\/\"},{\"@type\":\"ListItem\",\"position\":2,\"name\":\"Reto rezultatyvumo rungtyn\u0117se \u201eGintra\u201c nusileido Austrijos klubui ir baig\u0117 pasirodym\u0105 Europoje (santrauka, komentaras)\"}]},{\"@type\":\"WebSite\",\"@id\":\"https:\\\/\\\/fkgintra.lt\\\/#website\",\"url\":\"https:\\\/\\\/fkgintra.lt\\\/\",\"name\":\"Futbolo klubas Gintra\",\"description\":\"Moter\u0173 futbolo klubas Gintra\",\"publisher\":{\"@id\":\"https:\\\/\\\/fkgintra.lt\\\/#organization\"},\"potentialAction\":[{\"@type\":\"SearchAction\",\"target\":{\"@type\":\"EntryPoint\",\"urlTemplate\":\"https:\\\/\\\/fkgintra.lt\\\/?s={search_term_string}\"},\"query-input\":{\"@type\":\"PropertyValueSpecification\",\"valueRequired\":true,\"valueName\":\"search_term_string\"}}],\"inLanguage\":\"en-US\"},{\"@type\":\"Organization\",\"@id\":\"https:\\\/\\\/fkgintra.lt\\\/#organization\",\"name\":\"Futbolo klubas Gintra\",\"url\":\"https:\\\/\\\/fkgintra.lt\\\/\",\"logo\":{\"@type\":\"ImageObject\",\"inLanguage\":\"en-US\",\"@id\":\"https:\\\/\\\/fkgintra.lt\\\/#\\\/schema\\\/logo\\\/image\\\/\",\"url\":\"https:\\\/\\\/fkgintra.lt\\\/wp-content\\\/uploads\\\/2026\\\/07\\\/gintrafc2-logo-transparent.png\",\"contentUrl\":\"https:\\\/\\\/fkgintra.lt\\\/wp-content\\\/uploads\\\/2026\\\/07\\\/gintrafc2-logo-transparent.png\",\"width\":858,\"height\":858,\"caption\":\"Futbolo klubas Gintra\"},\"image\":{\"@id\":\"https:\\\/\\\/fkgintra.lt\\\/#\\\/schema\\\/logo\\\/image\\\/\"}},{\"@type\":\"Person\",\"@id\":\"https:\\\/\\\/fkgintra.lt\\\/#\\\/schema\\\/person\\\/b811e3ddee466de106e1b90359930c18\",\"name\":\"vilius dambrauskas\",\"image\":{\"@type\":\"ImageObject\",\"inLanguage\":\"en-US\",\"@id\":\"https:\\\/\\\/fkgintra.lt\\\/wp-content\\\/litespeed\\\/avatar\\\/0d0e2d88458f8da814b9abb22c39b5aa.jpg?ver=1788208903\",\"url\":\"https:\\\/\\\/fkgintra.lt\\\/wp-content\\\/litespeed\\\/avatar\\\/0d0e2d88458f8da814b9abb22c39b5aa.jpg?ver=1788208903\",\"contentUrl\":\"https:\\\/\\\/fkgintra.lt\\\/wp-content\\\/litespeed\\\/avatar\\\/0d0e2d88458f8da814b9abb22c39b5aa.jpg?ver=1788208903\",\"caption\":\"vilius dambrauskas\"},\"url\":\"https:\\\/\\\/fkgintra.lt\\\/en\\\/author\\\/vilius\\\/\"}]}<\/script>\n<!-- \/ Yoast SEO plugin. -->","yoast_head_json":{"title":"Reto rezultatyvumo rungtyn\u0117se \u201eGintra\u201c nusileido Austrijos klubui ir baig\u0117 pasirodym\u0105 Europoje (santrauka, komentaras) - Futbolo klubas Gintra","robots":{"index":"index","follow":"follow","max-snippet":"max-snippet:-1","max-image-preview":"max-image-preview:large","max-video-preview":"max-video-preview:-1"},"canonical":"https:\/\/fkgintra.lt\/en\/reto-rezultatyvumo-rungtynese-gintra-nusileido-austrijos-klubui-ir-baige-pasirodyma-europoje\/","og_locale":"en_US","og_type":"article","og_title":"Reto rezultatyvumo rungtyn\u0117se \u201eGintra\u201c nusileido Austrijos klubui ir baig\u0117 pasirodym\u0105 Europoje (santrauka, komentaras) - Futbolo klubas Gintra","og_description":"\u0160iauli\u0173 miesto centriniame stadione tre\u010diadien\u012f \u012fvyko atsakomosios UEFA moter\u0173 Europos taur\u0117s pirmo atrankos etapo rungtyn\u0117s tarp \u0160iauli\u0173 \u201eGintros\u201c ir Graco SK \u201eSturm\u201c komand\u0173. Lietuvos \u010dempion\u0117s savo sirgali\u0173 akivaizdoje itin rezultatyviose ir permainingose rungtyn\u0117se 3:5 (3:4) nusileido austr\u0117ms bei baig\u0117 savo pasirodym\u0105 Europoje.\u00a0\u00a0 Pirmoji komand\u0173 tarpusavio akistata Grace baig\u0117si austri\u0173 pergale 2:1. Startin\u0117 sud\u0117tis:\u00a0 A. Herasymchuk, [&hellip;]","og_url":"https:\/\/fkgintra.lt\/en\/reto-rezultatyvumo-rungtynese-gintra-nusileido-austrijos-klubui-ir-baige-pasirodyma-europoje\/","og_site_name":"Futbolo klubas Gintra","article_published_time":"2026-09-02T10:54:31+00:00","article_modified_time":"2026-09-02T12:51:38+00:00","og_image":[{"width":1024,"height":683,"url":"https:\/\/fkgintra.lt\/wp-content\/uploads\/2026\/09\/gintra-sturm_L.Grikiecio-1024x683.png","type":"image\/png"}],"author":"vilius dambrauskas","twitter_card":"summary_large_image","twitter_misc":{"Written by":"vilius dambrauskas","Est. reading time":"3 minutes"},"schema":{"@context":"https:\/\/schema.org","@graph":[{"@type":"Article","@id":"https:\/\/fkgintra.lt\/reto-rezultatyvumo-rungtynese-gintra-nusileido-austrijos-klubui-ir-baige-pasirodyma-europoje\/#article","isPartOf":{"@id":"https:\/\/fkgintra.lt\/reto-rezultatyvumo-rungtynese-gintra-nusileido-austrijos-klubui-ir-baige-pasirodyma-europoje\/"},"author":{"name":"vilius dambrauskas","@id":"https:\/\/fkgintra.lt\/#\/schema\/person\/b811e3ddee466de106e1b90359930c18"},"headline":"Reto rezultatyvumo rungtyn\u0117se \u201eGintra\u201c nusileido Austrijos klubui ir baig\u0117 pasirodym\u0105 Europoje (santrauka, komentaras)","datePublished":"2026-09-02T10:54:31+00:00","dateModified":"2026-09-02T12:51:38+00:00","mainEntityOfPage":{"@id":"https:\/\/fkgintra.lt\/reto-rezultatyvumo-rungtynese-gintra-nusileido-austrijos-klubui-ir-baige-pasirodyma-europoje\/"},"wordCount":417,"publisher":{"@id":"https:\/\/fkgintra.lt\/#organization"},"image":{"@id":"https:\/\/fkgintra.lt\/reto-rezultatyvumo-rungtynese-gintra-nusileido-austrijos-klubui-ir-baige-pasirodyma-europoje\/#primaryimage"},"thumbnailUrl":"https:\/\/fkgintra.lt\/wp-content\/uploads\/2026\/09\/gintra-sturm_L.Grikiecio-scaled.png","articleSection":["Gintra naujienos"],"inLanguage":"en-US"},{"@type":"WebPage","@id":"https:\/\/fkgintra.lt\/reto-rezultatyvumo-rungtynese-gintra-nusileido-austrijos-klubui-ir-baige-pasirodyma-europoje\/","url":"https:\/\/fkgintra.lt\/reto-rezultatyvumo-rungtynese-gintra-nusileido-austrijos-klubui-ir-baige-pasirodyma-europoje\/","name":"Reto rezultatyvumo rungtyn\u0117se \u201eGintra\u201c nusileido Austrijos klubui ir baig\u0117 pasirodym\u0105 Europoje (santrauka, komentaras) - Futbolo klubas Gintra","isPartOf":{"@id":"https:\/\/fkgintra.lt\/#website"},"primaryImageOfPage":{"@id":"https:\/\/fkgintra.lt\/reto-rezultatyvumo-rungtynese-gintra-nusileido-austrijos-klubui-ir-baige-pasirodyma-europoje\/#primaryimage"},"image":{"@id":"https:\/\/fkgintra.lt\/reto-rezultatyvumo-rungtynese-gintra-nusileido-austrijos-klubui-ir-baige-pasirodyma-europoje\/#primaryimage"},"thumbnailUrl":"https:\/\/fkgintra.lt\/wp-content\/uploads\/2026\/09\/gintra-sturm_L.Grikiecio-scaled.png","datePublished":"2026-09-02T10:54:31+00:00","dateModified":"2026-09-02T12:51:38+00:00","breadcrumb":{"@id":"https:\/\/fkgintra.lt\/reto-rezultatyvumo-rungtynese-gintra-nusileido-austrijos-klubui-ir-baige-pasirodyma-europoje\/#breadcrumb"},"inLanguage":"en-US","potentialAction":[{"@type":"ReadAction","target":["https:\/\/fkgintra.lt\/reto-rezultatyvumo-rungtynese-gintra-nusileido-austrijos-klubui-ir-baige-pasirodyma-europoje\/"]}]},{"@type":"ImageObject","inLanguage":"en-US","@id":"https:\/\/fkgintra.lt\/reto-rezultatyvumo-rungtynese-gintra-nusileido-austrijos-klubui-ir-baige-pasirodyma-europoje\/#primaryimage","url":"https:\/\/fkgintra.lt\/wp-content\/uploads\/2026\/09\/gintra-sturm_L.Grikiecio-scaled.png","contentUrl":"https:\/\/fkgintra.lt\/wp-content\/uploads\/2026\/09\/gintra-sturm_L.Grikiecio-scaled.png","width":2048,"height":1365},{"@type":"BreadcrumbList","@id":"https:\/\/fkgintra.lt\/reto-rezultatyvumo-rungtynese-gintra-nusileido-austrijos-klubui-ir-baige-pasirodyma-europoje\/#breadcrumb","itemListElement":[{"@type":"ListItem","position":1,"name":"Home","item":"https:\/\/fkgintra.lt\/"},{"@type":"ListItem","position":2,"name":"Reto rezultatyvumo rungtyn\u0117se \u201eGintra\u201c nusileido Austrijos klubui ir baig\u0117 pasirodym\u0105 Europoje (santrauka, komentaras)"}]},{"@type":"WebSite","@id":"https:\/\/fkgintra.lt\/#website","url":"https:\/\/fkgintra.lt\/","name":"Futbolo klubas Gintra","description":"Moter\u0173 futbolo klubas Gintra","publisher":{"@id":"https:\/\/fkgintra.lt\/#organization"},"potentialAction":[{"@type":"SearchAction","target":{"@type":"EntryPoint","urlTemplate":"https:\/\/fkgintra.lt\/?s={search_term_string}"},"query-input":{"@type":"PropertyValueSpecification","valueRequired":true,"valueName":"search_term_string"}}],"inLanguage":"en-US"},{"@type":"Organization","@id":"https:\/\/fkgintra.lt\/#organization","name":"Futbolo klubas Gintra","url":"https:\/\/fkgintra.lt\/","logo":{"@type":"ImageObject","inLanguage":"en-US","@id":"https:\/\/fkgintra.lt\/#\/schema\/logo\/image\/","url":"https:\/\/fkgintra.lt\/wp-content\/uploads\/2026\/07\/gintrafc2-logo-transparent.png","contentUrl":"https:\/\/fkgintra.lt\/wp-content\/uploads\/2026\/07\/gintrafc2-logo-transparent.png","width":858,"height":858,"caption":"Futbolo klubas Gintra"},"image":{"@id":"https:\/\/fkgintra.lt\/#\/schema\/logo\/image\/"}},{"@type":"Person","@id":"https:\/\/fkgintra.lt\/#\/schema\/person\/b811e3ddee466de106e1b90359930c18","name":"vilius dambrauskas","image":{"@type":"ImageObject","inLanguage":"en-US","@id":"https:\/\/fkgintra.lt\/wp-content\/litespeed\/avatar\/0d0e2d88458f8da814b9abb22c39b5aa.jpg?ver=1788208903","url":"https:\/\/fkgintra.lt\/wp-content\/litespeed\/avatar\/0d0e2d88458f8da814b9abb22c39b5aa.jpg?ver=1788208903","contentUrl":"https:\/\/fkgintra.lt\/wp-content\/litespeed\/avatar\/0d0e2d88458f8da814b9abb22c39b5aa.jpg?ver=1788208903","caption":"vilius dambrauskas"},"url":"https:\/\/fkgintra.lt\/en\/author\/vilius\/"}]}},"_links":{"self":[{"href":"https:\/\/fkgintra.lt\/en\/wp-json\/wp\/v2\/posts\/8595","targetHints":{"allow":["GET"]}}],"collection":[{"href":"https:\/\/fkgintra.lt\/en\/wp-json\/wp\/v2\/posts"}],"about":[{"href":"https:\/\/fkgintra.lt\/en\/wp-json\/wp\/v2\/types\/post"}],"author":[{"embeddable":true,"href":"https:\/\/fkgintra.lt\/en\/wp-json\/wp\/v2\/users\/3"}],"replies":[{"embeddable":true,"href":"https:\/\/fkgintra.lt\/en\/wp-json\/wp\/v2\/comments?post=8595"}],"version-history":[{"count":9,"href":"https:\/\/fkgintra.lt\/en\/wp-json\/wp\/v2\/posts\/8595\/revisions"}],"predecessor-version":[{"id":8606,"href":"https:\/\/fkgintra.lt\/en\/wp-json\/wp\/v2\/posts\/8595\/revisions\/8606"}],"wp:featuredmedia":[{"embeddable":true,"href":"https:\/\/fkgintra.lt\/en\/wp-json\/wp\/v2\/media\/8599"}],"wp:attachment":[{"href":"https:\/\/fkgintra.lt\/en\/wp-json\/wp\/v2\/media?parent=8595"}],"wp:term":[{"taxonomy":"category","embeddable":true,"href":"https:\/\/fkgintra.lt\/en\/wp-json\/wp\/v2\/categories?post=8595"},{"taxonomy":"post_tag","embeddable":true,"href":"https:\/\/fkgintra.lt\/en\/wp-json\/wp\/v2\/tags?post=8595"}],"curies":[{"name":"wp","href":"https:\/\/api.w.org\/{rel}","templated":true}]}}